{"id":254510,"date":"2023-10-18T13:57:21","date_gmt":"2023-10-18T17:57:21","guid":{"rendered":"https:\/\/www.ocorreionews.com.br\/acervo-correio\/?p=254510"},"modified":"2023-10-18T13:57:21","modified_gmt":"2023-10-18T17:57:21","slug":"costa-rica-vai-representar-ms-nos-jogos-escolares-brasileiros-no-df-de-26-de-outubro-a-9-de-novembro","status":"publish","type":"post","link":"https:\/\/www.ocorreionews.com.br\/acervo-correio\/?p=254510","title":{"rendered":"Costa Rica vai representar MS nos Jogos Escolares Brasileiros no DF de 26 de outubro a 9 de novembro"},"content":{"rendered":"<div class=\"ntc_cont_descricao_noticia sw_txteditor\">A participa\u00e7\u00e3o de Costa Rica na terceira edi\u00e7\u00e3o dos Jogos Escolares Brasileiros (JEBs), organizado pela Confedera\u00e7\u00e3o Brasileira de Desporto Escolar (CBDE), que ocorrer\u00e1 em Bras\u00edlia\/DF, entre os dias 26 de outubro e 9 de novembro, representa uma importante oportunidade para os jovens atletas do munic\u00edpio mostrarem seu talento e representarem a cidade, bem como o Estado de Mato Grosso do Sul em modalidades como ciclismo, atletismo e nata\u00e7\u00e3o.<\/p>\n<p>Os competidores que garantiram a vaga para os JEBs s\u00e3o Amanda Candido Lopes, no ciclismo; Pablo Henrique Araujo Barros no atletismo \u2013 heptatlo; Igor Pereira Martins, Jo\u00e3o Vittor Menezes, Heros Fonseca Brants, Mariana Garcia Cust\u00f3dio, Maria Fernanda Margonar Martins, Carolina Melo Barroso e Pablo Henrique Araujo Barrros na nata\u00e7\u00e3o. Al\u00e9m disso, o munic\u00edpio conta com os t\u00e9cnicos Renan Candido Fontoura no ciclismo, Anderson Viana Gon\u00e7alves, conhecido como Anderson Bob, na nata\u00e7\u00e3o, e Dafine Souza na modalidade de atletismo.<\/p><\/div>\n<div><\/div>\n<div class=\"ntc_cont_descricao_noticia sw_txteditor\">O prefeito municipal, delegado Cleverson Alves dos Santos enaltece a participa\u00e7\u00e3o de Costa Rica nos JEBs 2023. &#8220;Parab\u00e9ns aos alunos e t\u00e9cnicos de Costa Rica por representarem t\u00e3o bem nosso munic\u00edpio e o nosso querido Mato Grosso do Sul nos Jogos Escolares Brasileiros. Essa conquista \u00e9 motivo de orgulho para todos n\u00f3s!&#8221;, destaca o gestor.<\/p>\n<p>Essa participa\u00e7\u00e3o \u00e9 resultado do projeto &#8220;Forjando Campe\u00f5es&#8221;, promovido pela Prefeitura de Costa Rica, que visa incentivar a pr\u00e1tica de atividades esportivas e culturais entre crian\u00e7as, adolescentes, jovens, adultos e idosos. O projeto abrange diversas modalidades esportivas, como futebol, ciclismo, nata\u00e7\u00e3o, atletismo, futsal, artes marciais, v\u00f4lei e basquete, e conta com mais de 300 alunos-atletas participantes.<\/p>\n<p>O objetivo principal do projeto \u00e9 democratizar as pr\u00e1ticas esportivas na comunidade, fortalecendo a cultura esportiva local e proporcionando oportunidades para o desenvolvimento dos jovens atletas. A parceria entre a Prefeitura, atrav\u00e9s da SEMTMA (Secretaria Municipal de Turismo, Meio Ambiente, Esporte e Cultura), SEMED (Secretaria Municipal de Educa\u00e7\u00e3o), o clube esportivo CREC, a C\u00e2mara de Vereadores e o Governo do Estado de Mato Grosso do Sul, por meio da FUNDESPORTE (Funda\u00e7\u00e3o de Desporto e Lazer de Mato Grosso do Sul), tem sido fundamental para o sucesso do projeto.<\/p>\n<p>Os JEBs reunir\u00e3o atletas com idades entre 12 e 14 anos, matriculados em institui\u00e7\u00f5es de ensino p\u00fablica e privada. A competi\u00e7\u00e3o contar\u00e1 com a participa\u00e7\u00e3o de aproximadamente 6.100 atletas e 1.120 t\u00e9cnicos. Al\u00e9m disso, os competidores ter\u00e3o a chance de se classificar para o Sul-Americano, que ser\u00e1 realizado no Chile em dezembro.<\/p>\n<p>A participa\u00e7\u00e3o de Costa Rica nos JEBs \u00e9 um reconhecimento do incentivo dado pelo munic\u00edpio ao esporte. O projeto &#8220;Forjando Campe\u00f5es&#8221; tem se mostrado eficiente na forma\u00e7\u00e3o de jovens atletas e na promo\u00e7\u00e3o da pr\u00e1tica esportiva como meio de desenvolvimento f\u00edsico, social e emocional dos participantes. Espera-se que os representantes de Costa Rica tenham um desempenho exemplar e orgulhem a cidade e o estado de MS durante os jogos.<\/p><\/div>\n<p>&nbsp;<\/p>\n<div class=\"ntc_area_info_noticia sw_lato\">\n<div>\n<div class=\"ntc_info_noticia\"><strong class=\"sw_lato_black\">Fonte: <\/strong>Assessoria de Comunica\u00e7\u00e3o &#8211; PMCR, Silvestre de Castro<\/div>\n<\/div>\n<\/div>\n","protected":false},"excerpt":{"rendered":"<p>A participa\u00e7\u00e3o de Costa Rica na terceira edi\u00e7\u00e3o dos Jogos Escolares Brasileiros (JEBs), organizado pela Confedera\u00e7\u00e3o Brasileira de Desporto Escolar (CBDE), que ocorrer\u00e1 em Bras\u00edlia\/DF, entre os dias 26 de outubro e 9 de novembro, representa uma importante oportunidade para os jovens atletas do munic\u00edpio mostrarem seu talento e representarem a cidade, bem como o [&hellip;]<\/p>\n","protected":false},"author":5,"featured_media":254511,"comment_status":"closed","ping_status":"closed","sticky":false,"template":"","format":"standard","meta":{"footnotes":""},"categories":[25],"tags":[],"class_list":["post-254510","post","type-post","status-publish","format-standard","has-post-thumbnail","hentry","category-costa-rica"],"_links":{"self":[{"href":"https:\/\/www.ocorreionews.com.br\/acervo-correio\/index.php?rest_route=\/wp\/v2\/posts\/254510","targetHints":{"allow":["GET"]}}],"collection":[{"href":"https:\/\/www.ocorreionews.com.br\/acervo-correio\/index.php?rest_route=\/wp\/v2\/posts"}],"about":[{"href":"https:\/\/www.ocorreionews.com.br\/acervo-correio\/index.php?rest_route=\/wp\/v2\/types\/post"}],"author":[{"embeddable":true,"href":"https:\/\/www.ocorreionews.com.br\/acervo-correio\/index.php?rest_route=\/wp\/v2\/users\/5"}],"replies":[{"embeddable":true,"href":"https:\/\/www.ocorreionews.com.br\/acervo-correio\/index.php?rest_route=%2Fwp%2Fv2%2Fcomments&post=254510"}],"version-history":[{"count":1,"href":"https:\/\/www.ocorreionews.com.br\/acervo-correio\/index.php?rest_route=\/wp\/v2\/posts\/254510\/revisions"}],"predecessor-version":[{"id":254512,"href":"https:\/\/www.ocorreionews.com.br\/acervo-correio\/index.php?rest_route=\/wp\/v2\/posts\/254510\/revisions\/254512"}],"wp:featuredmedia":[{"embeddable":true,"href":"https:\/\/www.ocorreionews.com.br\/acervo-correio\/index.php?rest_route=\/wp\/v2\/media\/254511"}],"wp:attachment":[{"href":"https:\/\/www.ocorreionews.com.br\/acervo-correio\/index.php?rest_route=%2Fwp%2Fv2%2Fmedia&parent=254510"}],"wp:term":[{"taxonomy":"category","embeddable":true,"href":"https:\/\/www.ocorreionews.com.br\/acervo-correio\/index.php?rest_route=%2Fwp%2Fv2%2Fcategories&post=254510"},{"taxonomy":"post_tag","embeddable":true,"href":"https:\/\/www.ocorreionews.com.br\/acervo-correio\/index.php?rest_route=%2Fwp%2Fv2%2Ftags&post=254510"}],"curies":[{"name":"wp","href":"https:\/\/api.w.org\/{rel}","templated":true}]}}