{"id":254513,"date":"2023-10-18T14:02:07","date_gmt":"2023-10-18T18:02:07","guid":{"rendered":"https:\/\/www.ocorreionews.com.br\/acervo-correio\/?p=254513"},"modified":"2023-10-18T14:02:07","modified_gmt":"2023-10-18T18:02:07","slug":"deputados-de-ms-aprovam-reajuste-de-1495-para-os-professores-concursados-da-rede-estadual","status":"publish","type":"post","link":"https:\/\/www.ocorreionews.com.br\/acervo-correio\/?p=254513","title":{"rendered":"Deputados de MS aprovam reajuste de 14,95% para os professores concursados da rede estadual"},"content":{"rendered":"<p>Os deputados estaduais de Mato Grosso do Sul aprovaram por unanimidade o reajuste de 14,95% dos professores concursados da rede p\u00fablica estadual em sess\u00e3o nesta quarta-feira (18). A proposta foi analisada pela CCJR (Comiss\u00e3o de Constitui\u00e7\u00e3o, Justi\u00e7a e Reda\u00e7\u00e3o) e pautada em regime de urg\u00eancia.<\/p>\n<p>Junto com o projeto que reajusta em 14,95% o sal\u00e1rio dos professores efetivos, o projeto do Governo fixa um novo escalonamento do repasse integral do reajuste anual do piso nacional do magist\u00e9rio fixado pelo\u00a0Minist\u00e9rio da Educa\u00e7\u00e3o\u00a0sempre no m\u00eas de janeiro.<\/p>\n<p>Nos pr\u00f3ximos tr\u00eas anos (2024, 2025 e 2026), os professores ter\u00e3o o mesmo reajuste do funcionalismo que normalmente recebe\u00a0a reposi\u00e7\u00e3o da infla\u00e7\u00e3o anual. Neste ano, enquanto o piso nacional do magist\u00e9rio aumentou 14,95% (percentual que est\u00e1 sendo repassado ao professorado), os demais servidores s\u00f3 tiveram 5% em maio.<\/p>\n<p>Nos \u00faltimos 8 anos, os professores j\u00e1 tiveram reajuste acumulado de 191,92%, acima do percentual de majora\u00e7\u00e3o (106,98%) do piso nacional, que \u00e9 fixado anualmente em janeiro pelo Minist\u00e9rio da Educa\u00e7\u00e3o.\u00a0Hoje o sal\u00e1rio inicial do concursado \u00e9 de R$ 5.159,09 por 20 horas 16,70% (R$ 738,54) a mais que o piso pleiteado pela categoria.<\/p>\n<p>Com o aumento retroativo a 1\u2070 de outubro, passar\u00e3o a ganhar R$\u00a05.967,73, 25,93% a mais que o piso. Para quem faz 40 horas\/semanais, a remunera\u00e7\u00e3o passa de R$ 10.318,18 para R$ 11.935,46.<\/p>\n<h3 id=\"h-professores-convocados\" class=\"wp-block-heading\">Professores convocados<\/h3>\n<p>O deputado Roberto Hashioka (Uni\u00e3o) destacou a import\u00e2ncia da aprova\u00e7\u00e3o de uma proposta tamb\u00e9m para os convocados. &#8220;Os professores efetivos passar\u00e3o a receber o maior sal\u00e1rio do Brasil. \u00c9 muito merecido. \u00c9 um sal\u00e1rio 170% maior que o piso nacional, mas em contrapartida os professores convocados est\u00e3o bastante penalizados. Est\u00e3o com uma recupera\u00e7\u00e3o salarial menor que o per\u00edodo, comparado desde 2015\u201d.<\/p>\n<p>Gleice Jane (PT) informou que \u00e9 preciso ampliar o concurso p\u00fablico para a categoria no Estado. &#8220;Tenho conversado muito com essa categoria, de professores convocados, e \u00e9 preciso lembrar que l\u00e1 atr\u00e1s quando teve uma retirada dos contratados, n\u00e3o \u00e9 suficiente para sanar esse per\u00edodo at\u00e9 fevereiro, que estar\u00e3o sem contrata\u00e7\u00e3o. Ent\u00e3o o governo precisa garantir a contrata\u00e7\u00e3o no in\u00edcio de fevereiro imediatamente. Precisa garantir o concurso p\u00fablico&#8221;.<\/p>\n<p>Presidente da Casa, Gerson Claro (PP) destacou que s\u00f3 foi poss\u00edvel chegar neste patamar de sal\u00e1rio com di\u00e1logo. &#8220;Essa pol\u00edtica salarial tem esse carimbo. Eu n\u00e3o conhe\u00e7o nenhum deputado ou executivo que n\u00e3o queira pagar mais. Mas existem limites. O governo manda um projeto j\u00e1 com a sua na folha ficando no limite na lei de responsabilidade fiscal. E precisa manter receita. \u00c9 preciso parabenizar a Fetems por essa conquista, o governo por ouvir e entender.&#8221;, disse.<\/p>\n<p>Para Kemp (PT), Mato Grosso do Sul vira exemplo no Estado com o piso. &#8220;O professor recebe o dobro comparado ao de outros estados, que s\u00e3o 40 horas. Mas hoje o que tem \u00e9 a grande diferen\u00e7a dos efetivados e os contratados&#8221;, refor\u00e7ou.<\/p>\n<p>&nbsp;<\/p>\n<p>&nbsp;<\/p>\n<p>*Midiamax -Mariane Chianezi e Evelin C\u00e1ceres<\/p>\n<div class=\"elementor-element elementor-element-ec9eab2 elementor-widget__width-auto elementor-widget elementor-widget-text-editor\" data-id=\"ec9eab2\" data-element_type=\"widget\" data-widget_type=\"text-editor.default\">\n<div class=\"elementor-widget-container\"><\/div>\n<\/div>\n","protected":false},"excerpt":{"rendered":"<p>Os deputados estaduais de Mato Grosso do Sul aprovaram por unanimidade o reajuste de 14,95% dos professores concursados da rede p\u00fablica estadual em sess\u00e3o nesta quarta-feira (18). A proposta foi analisada pela CCJR (Comiss\u00e3o de Constitui\u00e7\u00e3o, Justi\u00e7a e Reda\u00e7\u00e3o) e pautada em regime de urg\u00eancia. Junto com o projeto que reajusta em 14,95% o sal\u00e1rio [&hellip;]<\/p>\n","protected":false},"author":5,"featured_media":254514,"comment_status":"closed","ping_status":"closed","sticky":false,"template":"","format":"standard","meta":{"footnotes":""},"categories":[27,37],"tags":[],"class_list":["post-254513","post","type-post","status-publish","format-standard","has-post-thumbnail","hentry","category-educacao","category-politica"],"_links":{"self":[{"href":"https:\/\/www.ocorreionews.com.br\/acervo-correio\/index.php?rest_route=\/wp\/v2\/posts\/254513","targetHints":{"allow":["GET"]}}],"collection":[{"href":"https:\/\/www.ocorreionews.com.br\/acervo-correio\/index.php?rest_route=\/wp\/v2\/posts"}],"about":[{"href":"https:\/\/www.ocorreionews.com.br\/acervo-correio\/index.php?rest_route=\/wp\/v2\/types\/post"}],"author":[{"embeddable":true,"href":"https:\/\/www.ocorreionews.com.br\/acervo-correio\/index.php?rest_route=\/wp\/v2\/users\/5"}],"replies":[{"embeddable":true,"href":"https:\/\/www.ocorreionews.com.br\/acervo-correio\/index.php?rest_route=%2Fwp%2Fv2%2Fcomments&post=254513"}],"version-history":[{"count":1,"href":"https:\/\/www.ocorreionews.com.br\/acervo-correio\/index.php?rest_route=\/wp\/v2\/posts\/254513\/revisions"}],"predecessor-version":[{"id":254515,"href":"https:\/\/www.ocorreionews.com.br\/acervo-correio\/index.php?rest_route=\/wp\/v2\/posts\/254513\/revisions\/254515"}],"wp:featuredmedia":[{"embeddable":true,"href":"https:\/\/www.ocorreionews.com.br\/acervo-correio\/index.php?rest_route=\/wp\/v2\/media\/254514"}],"wp:attachment":[{"href":"https:\/\/www.ocorreionews.com.br\/acervo-correio\/index.php?rest_route=%2Fwp%2Fv2%2Fmedia&parent=254513"}],"wp:term":[{"taxonomy":"category","embeddable":true,"href":"https:\/\/www.ocorreionews.com.br\/acervo-correio\/index.php?rest_route=%2Fwp%2Fv2%2Fcategories&post=254513"},{"taxonomy":"post_tag","embeddable":true,"href":"https:\/\/www.ocorreionews.com.br\/acervo-correio\/index.php?rest_route=%2Fwp%2Fv2%2Ftags&post=254513"}],"curies":[{"name":"wp","href":"https:\/\/api.w.org\/{rel}","templated":true}]}}