{"id":254523,"date":"2023-10-18T19:20:39","date_gmt":"2023-10-18T23:20:39","guid":{"rendered":"https:\/\/www.ocorreionews.com.br\/acervo-correio\/?p=254523"},"modified":"2023-10-18T19:20:39","modified_gmt":"2023-10-18T23:20:39","slug":"mais-recursos-em-brasilia-prefeito-anizio-se-reune-com-funasa-e-ministerio-da-agricultura","status":"publish","type":"post","link":"https:\/\/www.ocorreionews.com.br\/acervo-correio\/?p=254523","title":{"rendered":"Mais recursos: em Bras\u00edlia prefeito An\u00edzio se re\u00fane com FUNASA e minist\u00e9rio da agricultura"},"content":{"rendered":"<p>Com o objetivo de captar recursos para o munic\u00edpio, o Prefeito de Para\u00edso das \u00c1guas, An\u00edzio Andrade, acompanhado da Superintendente de Conv\u00eanios, Luciana Aimi, e do presidente do Servi\u00e7o Aut\u00f4nomo de \u00c1gua e Esgoto (SAAE), Carlos Lacerda; cumpriu agenda entre os dias 17 e 18 de outubro na capital federal.<\/p>\n<p>Em reuni\u00e3o com representantes da Funda\u00e7\u00e3o Nacional de Sa\u00fade (Funasa), foram discutidos assuntos referentes \u00e0 libera\u00e7\u00e3o de recursos por parte da funda\u00e7\u00e3o para que a Esta\u00e7\u00e3o de Esgoto (ETE) do munic\u00edpio passe a operar.<\/p>\n<p><img loading=\"lazy\" decoding=\"async\" class=\"alignnone wp-image-254525 size-large\" src=\"https:\/\/www.ocorreionews.com.br\/acervo-correio\/wp-content\/uploads\/2023\/10\/anizio-funasa2-1024x768.jpg\" alt=\"\" width=\"1024\" height=\"768\" srcset=\"https:\/\/www.ocorreionews.com.br\/acervo-correio\/wp-content\/uploads\/2023\/10\/anizio-funasa2-1024x768.jpg 1024w, https:\/\/www.ocorreionews.com.br\/acervo-correio\/wp-content\/uploads\/2023\/10\/anizio-funasa2-300x225.jpg 300w, https:\/\/www.ocorreionews.com.br\/acervo-correio\/wp-content\/uploads\/2023\/10\/anizio-funasa2-768x576.jpg 768w, https:\/\/www.ocorreionews.com.br\/acervo-correio\/wp-content\/uploads\/2023\/10\/anizio-funasa2-1536x1152.jpg 1536w, https:\/\/www.ocorreionews.com.br\/acervo-correio\/wp-content\/uploads\/2023\/10\/anizio-funasa2-86x64.jpg 86w, https:\/\/www.ocorreionews.com.br\/acervo-correio\/wp-content\/uploads\/2023\/10\/anizio-funasa2.jpg 1600w\" sizes=\"auto, (max-width: 1024px) 100vw, 1024px\" \/><\/p>\n<p>No encontro, o Assessor T\u00e9cnico da Funasa, Jos\u00e9 In\u00e1cio da Silva Filho, recebeu as reivindica\u00e7\u00f5es e demandas do chefe do executivo municipal.<\/p>\n<p>Em outra agenda, a comitiva da prefeitura de Para\u00edso das \u00c1guas reuniu-se com representantes do Minist\u00e9rio da Agricultura e Pecu\u00e1ria. Na ocasi\u00e3o foram analisados conv\u00eanios que est\u00e3o em andamento para aquisi\u00e7\u00e3o de patrulha mecanizada que ir\u00e3o atender as estradas vicinais do munic\u00edpio.<\/p>\n<p>\u201cNossa miss\u00e3o em Bras\u00edlia visa a libera\u00e7\u00e3o de recursos e oportunidades de mais conv\u00eanios com o Governo Federal. Somente por meio de parcerias entre o munic\u00edpio, estado e uni\u00e3o, seremos capazes de atender os anseios da popula\u00e7\u00e3o nas mais diversas \u00e1reas\u201d, ponderou o prefeito An\u00edzio.<\/p>\n","protected":false},"excerpt":{"rendered":"<p>Com o objetivo de captar recursos para o munic\u00edpio, o Prefeito de Para\u00edso das \u00c1guas, An\u00edzio Andrade, acompanhado da Superintendente de Conv\u00eanios, Luciana Aimi, e do presidente do Servi\u00e7o Aut\u00f4nomo de \u00c1gua e Esgoto (SAAE), Carlos Lacerda; cumpriu agenda entre os dias 17 e 18 de outubro na capital federal. Em reuni\u00e3o com representantes da [&hellip;]<\/p>\n","protected":false},"author":4,"featured_media":254524,"comment_status":"closed","ping_status":"closed","sticky":false,"template":"","format":"standard","meta":{"footnotes":""},"categories":[41,36],"tags":[],"class_list":["post-254523","post","type-post","status-publish","format-standard","has-post-thumbnail","hentry","category-destaque","category-paraiso-das-aguas"],"_links":{"self":[{"href":"https:\/\/www.ocorreionews.com.br\/acervo-correio\/index.php?rest_route=\/wp\/v2\/posts\/254523","targetHints":{"allow":["GET"]}}],"collection":[{"href":"https:\/\/www.ocorreionews.com.br\/acervo-correio\/index.php?rest_route=\/wp\/v2\/posts"}],"about":[{"href":"https:\/\/www.ocorreionews.com.br\/acervo-correio\/index.php?rest_route=\/wp\/v2\/types\/post"}],"author":[{"embeddable":true,"href":"https:\/\/www.ocorreionews.com.br\/acervo-correio\/index.php?rest_route=\/wp\/v2\/users\/4"}],"replies":[{"embeddable":true,"href":"https:\/\/www.ocorreionews.com.br\/acervo-correio\/index.php?rest_route=%2Fwp%2Fv2%2Fcomments&post=254523"}],"version-history":[{"count":1,"href":"https:\/\/www.ocorreionews.com.br\/acervo-correio\/index.php?rest_route=\/wp\/v2\/posts\/254523\/revisions"}],"predecessor-version":[{"id":254526,"href":"https:\/\/www.ocorreionews.com.br\/acervo-correio\/index.php?rest_route=\/wp\/v2\/posts\/254523\/revisions\/254526"}],"wp:featuredmedia":[{"embeddable":true,"href":"https:\/\/www.ocorreionews.com.br\/acervo-correio\/index.php?rest_route=\/wp\/v2\/media\/254524"}],"wp:attachment":[{"href":"https:\/\/www.ocorreionews.com.br\/acervo-correio\/index.php?rest_route=%2Fwp%2Fv2%2Fmedia&parent=254523"}],"wp:term":[{"taxonomy":"category","embeddable":true,"href":"https:\/\/www.ocorreionews.com.br\/acervo-correio\/index.php?rest_route=%2Fwp%2Fv2%2Fcategories&post=254523"},{"taxonomy":"post_tag","embeddable":true,"href":"https:\/\/www.ocorreionews.com.br\/acervo-correio\/index.php?rest_route=%2Fwp%2Fv2%2Ftags&post=254523"}],"curies":[{"name":"wp","href":"https:\/\/api.w.org\/{rel}","templated":true}]}}