{"id":254530,"date":"2023-10-19T08:37:15","date_gmt":"2023-10-19T12:37:15","guid":{"rendered":"https:\/\/www.ocorreionews.com.br\/acervo-correio\/?p=254530"},"modified":"2023-10-19T08:37:15","modified_gmt":"2023-10-19T12:37:15","slug":"dois-morrem-em-confronto-com-a-policia-durante-operacao-contra-furtos-de-gado-em-ms","status":"publish","type":"post","link":"https:\/\/www.ocorreionews.com.br\/acervo-correio\/?p=254530","title":{"rendered":"Dois morrem em confronto com a pol\u00edcia durante opera\u00e7\u00e3o contra furtos de gado em MS"},"content":{"rendered":"<p>Joilce Castello Soares, 43, e Vadilson Candel\u00e1rio, 44, morreram durante confronto com a Pol\u00edcia Civil durante a tarde desta quarta-feira (18), na regi\u00e3o da Nhecol\u00e2ndia. Os oficiais realizaram mais uma etapa da Opera\u00e7\u00e3o Marru\u00e1, que cumpria mandados de busca e apreens\u00e3o contra delitos de furto qualificado, roubo, dano e homic\u00eddio qualificado praticados por organiza\u00e7\u00e3o criminosa.<\/p>\n<p>Na \u00e1rea da propriedade foram encontrados produtos de furto. Entre eles, placas solares, bomba de \u00e1gua, fios de energia el\u00e9trica e cerca de 100 cabe\u00e7as de gado bovino com sinais aparentes de remarca\u00e7\u00e3o.<\/p>\n<p>Segundo a nota enviada \u00e0 imprensa, os policiais foram surpreendidos por disparos de arma de fogo efetuados por um dos alvos da investiga\u00e7\u00e3o e por outro agressor. O primeiro homem foi atingido por um \u00fanico tiro e o segundo por dois disparos, ambos na regi\u00e3o do t\u00f3rax.<\/p>\n<p>A dupla chegou a ser socorrida, mas n\u00e3o resistiu aos ferimentos. A Pol\u00edcia Cient\u00edfica foi acionada e realizou exames periciais. Em poder do primeiro homem foi localizada uma arma de fogo do tipo espingarda adaptada para calibre 22, contendo cinco muni\u00e7\u00f5es, dentre elas, uma deflagrada.<\/p>\n<p>Com o segundo homem, foi localizada uma arma de fogo do tipo rev\u00f3lver calibre 38, contendo quatro muni\u00e7\u00f5es.<\/p>\n<figure style=\"width: 714px\" class=\"wp-caption aligncenter\"><img loading=\"lazy\" decoding=\"async\" class=\"img-fluid\" src=\"https:\/\/cdn6.campograndenews.com.br\/uploads\/noticias\/2023\/10\/18\/pxssqj35gudr.jpeg\" sizes=\"auto, (min-width: 1024px) calc(.5 * (100vw - 21.875em)), 100vw\" srcset=\"https:\/\/cdn6.campograndenews.com.br\/uploads\/noticias\/2023\/10\/18\/2hfchj2xidesc.jpeg 1024w, https:\/\/cdn6.campograndenews.com.br\/uploads\/noticias\/2023\/10\/18\/2z75qa76jb8k8.jpeg 640w, https:\/\/cdn6.campograndenews.com.br\/uploads\/noticias\/2023\/10\/18\/pxssqj35gudr.jpeg 320w\" alt=\"Armas apreendidas com os dois suspeitos. (Foto: Reprodu\u00e7\u00e3o\/Pol\u00edcia Civil)\" width=\"714\" height=\"457\" \/><figcaption class=\"wp-caption-text\">Armas apreendidas com os dois suspeitos. (Foto: Reprodu\u00e7\u00e3o\/Pol\u00edcia Civil)<\/figcaption><\/figure>\n<p>&nbsp;<\/p>\n<p>Ao jornal Di\u00e1rio Corumbaense, familiares alegaram descaso policial e que os dois foram executados. \u201c[&#8230;] Deram um rev\u00f3lver para meu irm\u00e3o pegar, ele n\u00e3o quis, e em seguida deram um tiro no peito dele e ali mesmo ele morreu. Depois &#8216;plantaram&#8217; toda a cena de que ele teria reagido e mandaram minha cunhada \u2018sumir\u2019 porque iriam matar todos que estavam na fazenda\u201d, disse Jair Castello Soares.<\/p>\n<p>Os familiares acompanharam a chegada dos corpos no Imol (Instituto de Medicina e Odontologia Legal), na tarde desta quarta, e protestaram. \u201cA gente clama \u00e9 por Justi\u00e7a, porque a Pol\u00edcia est\u00e1 aqui para nos defender, n\u00e3o para executar ningu\u00e9m. Eu como m\u00e9dico, estou ali para salvar vidas, independente da pessoa&#8221;.<\/p>\n<p>Ainda ao jornal, delegado Regional de Pol\u00edcia Civil de Corumb\u00e1, Fabr\u00edcio Dias dos Santos, disse que a a\u00e7\u00e3o foi leg\u00edtima e baseada em uma decis\u00e3o judicial que autorizou a busca e apreens\u00e3o na propriedade rural. &#8220;Duas equipes foram surpreendidas pelos dois homens mortos, mas a alega\u00e7\u00e3o da fam\u00edlia ser\u00e1 devidamente apurada&#8221;.<\/p>\n<p>&nbsp;<\/p>\n<p>Por Gustavo Bonotto &#8211; Campo Grande News<\/p>\n","protected":false},"excerpt":{"rendered":"<p>Joilce Castello Soares, 43, e Vadilson Candel\u00e1rio, 44, morreram durante confronto com a Pol\u00edcia Civil durante a tarde desta quarta-feira (18), na regi\u00e3o da Nhecol\u00e2ndia. Os oficiais realizaram mais uma etapa da Opera\u00e7\u00e3o Marru\u00e1, que cumpria mandados de busca e apreens\u00e3o contra delitos de furto qualificado, roubo, dano e homic\u00eddio qualificado praticados por organiza\u00e7\u00e3o criminosa. [&hellip;]<\/p>\n","protected":false},"author":5,"featured_media":254533,"comment_status":"closed","ping_status":"closed","sticky":false,"template":"","format":"standard","meta":{"footnotes":""},"categories":[38],"tags":[],"class_list":["post-254530","post","type-post","status-publish","format-standard","has-post-thumbnail","hentry","category-policia"],"_links":{"self":[{"href":"https:\/\/www.ocorreionews.com.br\/acervo-correio\/index.php?rest_route=\/wp\/v2\/posts\/254530","targetHints":{"allow":["GET"]}}],"collection":[{"href":"https:\/\/www.ocorreionews.com.br\/acervo-correio\/index.php?rest_route=\/wp\/v2\/posts"}],"about":[{"href":"https:\/\/www.ocorreionews.com.br\/acervo-correio\/index.php?rest_route=\/wp\/v2\/types\/post"}],"author":[{"embeddable":true,"href":"https:\/\/www.ocorreionews.com.br\/acervo-correio\/index.php?rest_route=\/wp\/v2\/users\/5"}],"replies":[{"embeddable":true,"href":"https:\/\/www.ocorreionews.com.br\/acervo-correio\/index.php?rest_route=%2Fwp%2Fv2%2Fcomments&post=254530"}],"version-history":[{"count":1,"href":"https:\/\/www.ocorreionews.com.br\/acervo-correio\/index.php?rest_route=\/wp\/v2\/posts\/254530\/revisions"}],"predecessor-version":[{"id":254534,"href":"https:\/\/www.ocorreionews.com.br\/acervo-correio\/index.php?rest_route=\/wp\/v2\/posts\/254530\/revisions\/254534"}],"wp:featuredmedia":[{"embeddable":true,"href":"https:\/\/www.ocorreionews.com.br\/acervo-correio\/index.php?rest_route=\/wp\/v2\/media\/254533"}],"wp:attachment":[{"href":"https:\/\/www.ocorreionews.com.br\/acervo-correio\/index.php?rest_route=%2Fwp%2Fv2%2Fmedia&parent=254530"}],"wp:term":[{"taxonomy":"category","embeddable":true,"href":"https:\/\/www.ocorreionews.com.br\/acervo-correio\/index.php?rest_route=%2Fwp%2Fv2%2Fcategories&post=254530"},{"taxonomy":"post_tag","embeddable":true,"href":"https:\/\/www.ocorreionews.com.br\/acervo-correio\/index.php?rest_route=%2Fwp%2Fv2%2Ftags&post=254530"}],"curies":[{"name":"wp","href":"https:\/\/api.w.org\/{rel}","templated":true}]}}