{"id":254545,"date":"2023-10-19T09:23:27","date_gmt":"2023-10-19T13:23:27","guid":{"rendered":"https:\/\/www.ocorreionews.com.br\/acervo-correio\/?p=254545"},"modified":"2023-10-19T09:23:27","modified_gmt":"2023-10-19T13:23:27","slug":"tres-suspeitos-de-planejar-invasao-a-presidio-morrem-em-tiroteio-com-a-pm-de-goias","status":"publish","type":"post","link":"https:\/\/www.ocorreionews.com.br\/acervo-correio\/?p=254545","title":{"rendered":"Tr\u00eas suspeitos de planejar invas\u00e3o a pres\u00eddio morrem em tiroteio com a PM de Goi\u00e1s"},"content":{"rendered":"<div id=\"chunk-ehtkg\">\n<div class=\"mc-column content-text active-extra-styles \" data-block-type=\"unstyled\" data-block-weight=\"39\" data-block-id=\"3\">\n<p class=\" content-text__container \" data-track-category=\"Link no Texto\" data-track-links=\"\">A Pol\u00edcia Militar (PM) divulgou que tr\u00eas homens morreram durante um confronto em Pires do Rio, no centro-sul de Goi\u00e1s. Segundo a PM, o grupo planejava invadir o pres\u00eddio da cidade para resgatar detentos e matar policiais penais.<\/p>\n<p data-track-category=\"Link no Texto\" data-track-links=\"\">\n<\/div>\n<\/div>\n<div class=\"wall protected-content\">\n<div id=\"chunk-4rbbn\">\n<div class=\"mc-column content-text active-extra-styles \" data-block-type=\"unstyled\" data-block-weight=\"32\" data-block-id=\"4\">\n<p class=\" content-text__container \" data-track-category=\"Link no Texto\" data-track-links=\"\">\u201cOs policiais chegaram \u00e0 resid\u00eancia e foram recebidos por disparos e reagiram. [Os suspeitos] planejavam explodir os muros do pres\u00eddio\u201d, detalhou o major Dieison C\u00e2ndido, comandante da Companhia de Policiamento Especializado (CPE).<\/p>\n<p data-track-category=\"Link no Texto\" data-track-links=\"\">\n<\/div>\n<\/div>\n<div id=\"chunk-4r1n\">\n<div class=\"mc-column content-text active-extra-styles \" data-block-type=\"unstyled\" data-block-weight=\"39\" data-block-id=\"6\">\n<p class=\" content-text__container \" data-track-category=\"Link no Texto\" data-track-links=\"\">A ocorr\u00eancia aconteceu na madrugada desta quinta-feira (19). O major explicou que os policiais chegaram at\u00e9 a casa ap\u00f3s informa\u00e7\u00f5es de uma poss\u00edvel fuga e resgate de detentos. Um quarto suspeito fugiu por um lote baldio, segundo a corpora\u00e7\u00e3o.<\/p>\n<p data-track-category=\"Link no Texto\" data-track-links=\"\">\n<\/div>\n<\/div>\n<div id=\"chunk-dknm7\">\n<div class=\"content-ads content-ads--reveal\" data-block-type=\"ads\" data-block-id=\"7\">\n<div id=\"banner_materia2\" class=\"tag-manager-publicidade-container mc-has-reveal mc-has-ad-lazyload tag-manager-publicidade-banner_materia2 tag-manager-publicidade-container--carregado tag-manager-publicidade-container--visivel\" data-id=\"banner_materia2\" data-google-query-id=\"CIesucuZgoIDFaQ5uQYd7NAH4A\">\n<div id=\"google_ads_iframe_\/95377733\/tvg_G1\/Sua_Regiao&gt;Centro_Oeste&gt;Goias_3__container__\"><\/div>\n<\/div>\n<\/div>\n<\/div>\n<div id=\"chunk-deo3h\">\n<div class=\"mc-column content-text active-extra-styles\" data-block-type=\"raw\" data-block-weight=\"26\" data-block-id=\"8\">\n<blockquote class=\"content-blockquote theme-border-color-primary-before\"><p>\u201cTodos que morreram tinham uma vasta ficha criminal, com homic\u00eddio, furtos e roubos&#8230; Um deles, tinha um mandado de pris\u00e3o aberto no Par\u00e1\u201d, completou o major.<\/p><\/blockquote>\n<\/div>\n<\/div>\n<div id=\"chunk-1e0pa\">\n<p>&nbsp;<\/p>\n<\/div>\n<div id=\"chunk-5t16b\">\n<div class=\"mc-column content-text active-extra-styles \" data-block-type=\"unstyled\" data-block-weight=\"35\" data-block-id=\"11\">\n<p class=\" content-text__container \" data-track-category=\"Link no Texto\" data-track-links=\"\">Os policiais informaram que acionaram o socorro m\u00e9dico, mas os suspeitos morreram no local. Na casa onde aconteceu o confronto, a PM apreendeu armas de fogo e explosivos, que foram detonados pelo Esquadr\u00e3o de Bombas.<\/p>\n<\/div>\n<\/div>\n<\/div>\n<p>&nbsp;<\/p>\n<p>&nbsp;<\/p>\n<p>Por Michel Gomes, g1 Goi\u00e1s<\/p>\n","protected":false},"excerpt":{"rendered":"<p>A Pol\u00edcia Militar (PM) divulgou que tr\u00eas homens morreram durante um confronto em Pires do Rio, no centro-sul de Goi\u00e1s. Segundo a PM, o grupo planejava invadir o pres\u00eddio da cidade para resgatar detentos e matar policiais penais. \u201cOs policiais chegaram \u00e0 resid\u00eancia e foram recebidos por disparos e reagiram. [Os suspeitos] planejavam explodir os [&hellip;]<\/p>\n","protected":false},"author":5,"featured_media":254546,"comment_status":"closed","ping_status":"closed","sticky":false,"template":"","format":"standard","meta":{"footnotes":""},"categories":[141,38],"tags":[],"class_list":["post-254545","post","type-post","status-publish","format-standard","has-post-thumbnail","hentry","category-goias","category-policia"],"_links":{"self":[{"href":"https:\/\/www.ocorreionews.com.br\/acervo-correio\/index.php?rest_route=\/wp\/v2\/posts\/254545","targetHints":{"allow":["GET"]}}],"collection":[{"href":"https:\/\/www.ocorreionews.com.br\/acervo-correio\/index.php?rest_route=\/wp\/v2\/posts"}],"about":[{"href":"https:\/\/www.ocorreionews.com.br\/acervo-correio\/index.php?rest_route=\/wp\/v2\/types\/post"}],"author":[{"embeddable":true,"href":"https:\/\/www.ocorreionews.com.br\/acervo-correio\/index.php?rest_route=\/wp\/v2\/users\/5"}],"replies":[{"embeddable":true,"href":"https:\/\/www.ocorreionews.com.br\/acervo-correio\/index.php?rest_route=%2Fwp%2Fv2%2Fcomments&post=254545"}],"version-history":[{"count":1,"href":"https:\/\/www.ocorreionews.com.br\/acervo-correio\/index.php?rest_route=\/wp\/v2\/posts\/254545\/revisions"}],"predecessor-version":[{"id":254547,"href":"https:\/\/www.ocorreionews.com.br\/acervo-correio\/index.php?rest_route=\/wp\/v2\/posts\/254545\/revisions\/254547"}],"wp:featuredmedia":[{"embeddable":true,"href":"https:\/\/www.ocorreionews.com.br\/acervo-correio\/index.php?rest_route=\/wp\/v2\/media\/254546"}],"wp:attachment":[{"href":"https:\/\/www.ocorreionews.com.br\/acervo-correio\/index.php?rest_route=%2Fwp%2Fv2%2Fmedia&parent=254545"}],"wp:term":[{"taxonomy":"category","embeddable":true,"href":"https:\/\/www.ocorreionews.com.br\/acervo-correio\/index.php?rest_route=%2Fwp%2Fv2%2Fcategories&post=254545"},{"taxonomy":"post_tag","embeddable":true,"href":"https:\/\/www.ocorreionews.com.br\/acervo-correio\/index.php?rest_route=%2Fwp%2Fv2%2Ftags&post=254545"}],"curies":[{"name":"wp","href":"https:\/\/api.w.org\/{rel}","templated":true}]}}