{"id":254556,"date":"2023-10-19T10:20:49","date_gmt":"2023-10-19T14:20:49","guid":{"rendered":"https:\/\/www.ocorreionews.com.br\/acervo-correio\/?p=254556"},"modified":"2023-10-19T10:20:49","modified_gmt":"2023-10-19T14:20:49","slug":"secretaria-de-figueirao-realizou-piquenique-na-praca-com-grupo-da-melhor-idade","status":"publish","type":"post","link":"https:\/\/www.ocorreionews.com.br\/acervo-correio\/?p=254556","title":{"rendered":"Secretaria de Figueir\u00e3o realizou Piquenique na Pra\u00e7a com Grupo da Melhor Idade"},"content":{"rendered":"<p>A secretaria municipal de assist\u00eancia social de Figueir\u00e3o realizou na tarde desta quarta-feira (18), um piquenique na Pra\u00e7a Central Sebasti\u00e3o Barbosa de Souza, com os idosos do Grupo da Melhor Idade do CRAS.<\/p>\n<p>No encontro, o nutricionista Kaio Queir\u00f3z fez uma breve palestra acerca da necessidade que os idosos t\u00eam de se reidratar, insistindo que n\u00e3o se deve esperar sentir sede para tomar \u00e1gua.<\/p>\n<p>A assistente social Fab\u00edula Ferreira aplicou a din\u00e2mica \u201cbatata quente\u201d, que consiste de um bal\u00e3o passando de m\u00e3o em m\u00e3o ao som de uma m\u00fasica que, quando para, a pessoa que estiver segurando o bal\u00e3o precisa recitar um verso, uma poesia ou mesmo uma frase de efeito, e contou com a participa\u00e7\u00e3o de todos os presentes.<\/p>\n<p>O piquenique, que reuniu cerca de 50 pessoas, teve no encerramento, um delicio coffe-break com salgadinhos, sucos, frutas, tortas, doces e refrigerantes.<\/p>\n<p>Junto ao evento, o banco SICOOB-Uni\u00e3o MT\/MS, que est\u00e1 comemorando a Semana do Cooperativismo, participou com seu gerente local Marcos Luis Hesse e os agentes de relacionamento Haldrey Amorim, Rozana Torres e Maristela Rodrigues, que entregaram aos presentes um caneco personalizado como lembran\u00e7a do evento.<\/p>\n<p>Presentes o vice-prefeito Jorge Mortari, secret\u00e1ria de assist\u00eancia social Kelly Karine, com toda a equipe do CRAS, psic\u00f3loga Giseli Cassimiro, nutricionista Kaio Queir\u00f3z, gestora do Bolsa Fam\u00edlia Michelly Brand\u00e3o, Ana Aparecida e Giuliana Cust\u00f3dio, al\u00e9m da equipe do SICOOB e da turma de idosos do CRAS.<\/p>\n<p>&nbsp;<\/p>\n<p>Fonte\/Fotos: PMFigueir\u00e3o\/RubemVasconcellos<\/p>\n","protected":false},"excerpt":{"rendered":"<p>A secretaria municipal de assist\u00eancia social de Figueir\u00e3o realizou na tarde desta quarta-feira (18), um piquenique na Pra\u00e7a Central Sebasti\u00e3o Barbosa de Souza, com os idosos do Grupo da Melhor Idade do CRAS. No encontro, o nutricionista Kaio Queir\u00f3z fez uma breve palestra acerca da necessidade que os idosos t\u00eam de se reidratar, insistindo que [&hellip;]<\/p>\n","protected":false},"author":5,"featured_media":254557,"comment_status":"closed","ping_status":"closed","sticky":false,"template":"","format":"standard","meta":{"footnotes":""},"categories":[30],"tags":[],"class_list":["post-254556","post","type-post","status-publish","format-standard","has-post-thumbnail","hentry","category-figueirao"],"_links":{"self":[{"href":"https:\/\/www.ocorreionews.com.br\/acervo-correio\/index.php?rest_route=\/wp\/v2\/posts\/254556","targetHints":{"allow":["GET"]}}],"collection":[{"href":"https:\/\/www.ocorreionews.com.br\/acervo-correio\/index.php?rest_route=\/wp\/v2\/posts"}],"about":[{"href":"https:\/\/www.ocorreionews.com.br\/acervo-correio\/index.php?rest_route=\/wp\/v2\/types\/post"}],"author":[{"embeddable":true,"href":"https:\/\/www.ocorreionews.com.br\/acervo-correio\/index.php?rest_route=\/wp\/v2\/users\/5"}],"replies":[{"embeddable":true,"href":"https:\/\/www.ocorreionews.com.br\/acervo-correio\/index.php?rest_route=%2Fwp%2Fv2%2Fcomments&post=254556"}],"version-history":[{"count":1,"href":"https:\/\/www.ocorreionews.com.br\/acervo-correio\/index.php?rest_route=\/wp\/v2\/posts\/254556\/revisions"}],"predecessor-version":[{"id":254558,"href":"https:\/\/www.ocorreionews.com.br\/acervo-correio\/index.php?rest_route=\/wp\/v2\/posts\/254556\/revisions\/254558"}],"wp:featuredmedia":[{"embeddable":true,"href":"https:\/\/www.ocorreionews.com.br\/acervo-correio\/index.php?rest_route=\/wp\/v2\/media\/254557"}],"wp:attachment":[{"href":"https:\/\/www.ocorreionews.com.br\/acervo-correio\/index.php?rest_route=%2Fwp%2Fv2%2Fmedia&parent=254556"}],"wp:term":[{"taxonomy":"category","embeddable":true,"href":"https:\/\/www.ocorreionews.com.br\/acervo-correio\/index.php?rest_route=%2Fwp%2Fv2%2Fcategories&post=254556"},{"taxonomy":"post_tag","embeddable":true,"href":"https:\/\/www.ocorreionews.com.br\/acervo-correio\/index.php?rest_route=%2Fwp%2Fv2%2Ftags&post=254556"}],"curies":[{"name":"wp","href":"https:\/\/api.w.org\/{rel}","templated":true}]}}