{"id":254654,"date":"2023-10-20T08:02:49","date_gmt":"2023-10-20T12:02:49","guid":{"rendered":"https:\/\/www.ocorreionews.com.br\/acervo-correio\/?p=254654"},"modified":"2023-10-20T14:26:45","modified_gmt":"2023-10-20T18:26:45","slug":"incendio-em-canavial-de-usina-mata-cinco-trabalhadores-e-deixa-dois-feridos-em-goias","status":"publish","type":"post","link":"https:\/\/www.ocorreionews.com.br\/acervo-correio\/?p=254654","title":{"rendered":"Inc\u00eandio em canavial de usina mata cinco trabalhadores e deixa dois feridos em Goi\u00e1s"},"content":{"rendered":"<div id=\"chunk-6lgov\">\n<div class=\"mc-column content-text active-extra-styles \" data-block-type=\"unstyled\" data-block-weight=\"46\" data-block-id=\"3\">\n<p class=\" content-text__container \" data-track-category=\"Link no Texto\" data-track-links=\"\">Um inc\u00eandio matou cinco trabalhadores e deixou dois feridos no canavial usado por uma usina em S\u00e3o Sim\u00e3o, no sudoeste goiano. Quatro morreram no local e um deles, no hospital. As informa\u00e7\u00f5es foram divulgadas pela Pol\u00edcia Militar (PM), pelo Corpo de Bombeiros e pela pr\u00f3pria empresa.<\/p>\n<p data-track-category=\"Link no Texto\" data-track-links=\"\">\n<\/div>\n<\/div>\n<div class=\"wall protected-content\">\n<div id=\"chunk-250pl\">\n<div class=\"mc-column content-text active-extra-styles \" data-block-type=\"unstyled\" data-block-weight=\"37\" data-block-id=\"5\">\n<p class=\" content-text__container \" data-track-category=\"Link no Texto\" data-track-links=\"\">Em nota, a Aguape\u00ed Agroenergia lamentou as mortes e disse que ainda n\u00e3o h\u00e1 informa\u00e7\u00f5es efetivas do que causou o inc\u00eandio, mas que foi um acidente inesperado que, por conta de uma rajada de vento, se alastrou.<\/p>\n<p data-track-category=\"Link no Texto\" data-track-links=\"\">\n<\/div>\n<\/div>\n<div id=\"chunk-d6arf\">\n<div class=\"mc-column content-text active-extra-styles \" data-block-type=\"unstyled\" data-block-weight=\"53\" data-block-id=\"6\">\n<p class=\" content-text__container \" data-track-category=\"Link no Texto\" data-track-links=\"\">Uma das v\u00edtimas foi encaminhada para o Hospital Estadual de Urg\u00eancias de Goi\u00e1s (Hugo), mas morreu na manh\u00e3 desta sexta-feira (20), segundo a empresa. A PM divulgou que, conforme informa\u00e7\u00f5es do hospital local, este trabalhador teve mais de 90% do corpo queimado. Os outros feridos foram atendidos, medicados e liberados, segundo a PM.<\/p>\n<div id=\"chunk-6lgov\">\n<div class=\"mc-column content-text active-extra-styles \" data-block-type=\"unstyled\" data-block-weight=\"51\" data-block-id=\"3\">\n<p class=\" content-text__container \" data-track-category=\"Link no Texto\" data-track-links=\"\">Os trabalhadores que morreram em um inc\u00eandio no canavial de uma usina tinham entre 31 e 49 anos.\u00a0 Veja abaixo quem s\u00e3o, segundo a confirma\u00e7\u00e3o da Pol\u00edcia Civil:<\/p>\n<\/div>\n<\/div>\n<div class=\"wall protected-content\">\n<div id=\"chunk-bua41\">\n<div class=\"mc-column content-text active-extra-styles\" data-block-type=\"raw\" data-block-weight=\"30\" data-block-id=\"4\">\n<p class=\"content-text__container\">\n<ul class=\"content-unordered-list\">\n<li><strong>Jos\u00e9 Ilton Francisco Luiz,<\/strong> 45 anos;<\/li>\n<li><strong>Aldo Batista Da Silva, <\/strong>31 anos;<\/li>\n<li><strong>Jos\u00e9 Cicero Da Silva,<\/strong> 49 anos;<\/li>\n<li><strong>Arlindo Beto Rodrigues Sobrinho, <\/strong>46 anos;<\/li>\n<li><strong>Marcos De Lima Souza, <\/strong>36 anos.<\/li>\n<\/ul>\n<figure style=\"width: 647px\" class=\"wp-caption aligncenter\"><img loading=\"lazy\" decoding=\"async\" class=\"i-amphtml-fill-content i-amphtml-replaced-content\" src=\"https:\/\/s2-g1.glbimg.com\/pxveHSHINA2G_PtWPvGOtXXsyYg=\/0x0:1700x1065\/984x0\/smart\/filters:strip_icc()\/i.s3.glbimg.com\/v1\/AUTH_59edd422c0c84a879bd37670ae4f538a\/internal_photos\/bs\/2023\/A\/J\/sW7lzZTzCSfAv12T303g\/montagens-51-.jpg\" sizes=\"auto, (max-width: 1366px) 648px, 100vw\" srcset=\"https:\/\/s2-g1.glbimg.com\/ppQI7SJVAPjIEixI4i80binR5UU=\/0x0:1700x1065\/1000x0\/smart\/filters:strip_icc()\/i.s3.glbimg.com\/v1\/AUTH_59edd422c0c84a879bd37670ae4f538a\/internal_photos\/bs\/2023\/A\/J\/sW7lzZTzCSfAv12T303g\/montagens-51-.jpg 1000w, https:\/\/s2-g1.glbimg.com\/pxveHSHINA2G_PtWPvGOtXXsyYg=\/0x0:1700x1065\/984x0\/smart\/filters:strip_icc()\/i.s3.glbimg.com\/v1\/AUTH_59edd422c0c84a879bd37670ae4f538a\/internal_photos\/bs\/2023\/A\/J\/sW7lzZTzCSfAv12T303g\/montagens-51-.jpg 984w, https:\/\/s2-g1.glbimg.com\/N_fGHVIoHUzqXS3WXUJ_Saxxfmg=\/0x0:1700x1065\/640x0\/smart\/filters:strip_icc()\/i.s3.glbimg.com\/v1\/AUTH_59edd422c0c84a879bd37670ae4f538a\/internal_photos\/bs\/2023\/A\/J\/sW7lzZTzCSfAv12T303g\/montagens-51-.jpg 640w, https:\/\/s2-g1.glbimg.com\/emKF68wyBDxkfc37xXFxmLjMTPc=\/0x0:1700x1065\/600x0\/smart\/filters:strip_icc()\/i.s3.glbimg.com\/v1\/AUTH_59edd422c0c84a879bd37670ae4f538a\/internal_photos\/bs\/2023\/A\/J\/sW7lzZTzCSfAv12T303g\/montagens-51-.jpg 600w\" alt=\"Jose Ilton Francisco Luiz, Aldo Batista Da Silva, Jos\u00e9 Cicero Da Silva,  Arlindo Beto Rodrigues Sobrinho e Marcos De Lima Souza, v\u00edtimas de inc\u00eandio em S\u00e3o Sim\u00e3o \u2014 Foto: Montagem\/g1\" width=\"647\" height=\"405\" \/><figcaption class=\"wp-caption-text\">Jose Ilton Francisco Luiz, Aldo Batista Da Silva, Jos\u00e9 Cicero Da Silva, Arlindo Beto Rodrigues Sobrinho e Marcos De Lima Souza, v\u00edtimas de inc\u00eandio em S\u00e3o Sim\u00e3o \u2014 Foto: Montagem\/g1<\/figcaption><\/figure>\n<div id=\"chunk-64vt8\">\n<div class=\"row medium-uncollapsed content-media content-photo\" data-block-type=\"backstage-photo\" data-block-id=\"11\">\n<div class=\" mc-column  content-media__container\">\n<p class=\"content-media__description  \">\n<\/div>\n<\/div>\n<\/div>\n<\/div>\n<\/div>\n<\/div>\n<p data-track-category=\"Link no Texto\" data-track-links=\"\">\n<\/div>\n<\/div>\n<div id=\"chunk-coooa\">\n<div class=\"mc-column content-text active-extra-styles \" data-block-type=\"unstyled\" data-block-weight=\"39\" data-block-id=\"10\">\n<p class=\" content-text__container \" data-track-category=\"Link no Texto\" data-track-links=\"\">O inc\u00eandio aconteceu na \u00faltima quinta-feira (19). \u00c0 PM, os respons\u00e1veis pela empresa prestadora de servi\u00e7o no local, disseram que n\u00e3o sabiam ao certo a origem das chamas, mas que o fogo tomou conta de cerca de 400 hectares.<\/p>\n<p data-track-category=\"Link no Texto\" data-track-links=\"\">\n<\/div>\n<\/div>\n<div id=\"chunk-8cml8\">\n<div class=\"mc-column content-text active-extra-styles\" data-block-type=\"raw\" data-block-weight=\"1\" data-block-id=\"12\">\n<div class=\"content-intertitle\">\n<h2>Fogo<\/h2>\n<figure style=\"width: 647px\" class=\"wp-caption aligncenter\"><img loading=\"lazy\" decoding=\"async\" class=\"i-amphtml-fill-content i-amphtml-replaced-content\" src=\"https:\/\/s2-g1.glbimg.com\/IC-YivcmAPw68TFPqZotkZrr0Fs=\/0x0:1700x1065\/984x0\/smart\/filters:strip_icc()\/i.s3.glbimg.com\/v1\/AUTH_59edd422c0c84a879bd37670ae4f538a\/internal_photos\/bs\/2023\/T\/G\/O72eCLSp2We4AgBYoUNA\/incendiousina2.jpg\" sizes=\"auto, (max-width: 1366px) 648px, 100vw\" srcset=\"https:\/\/s2-g1.glbimg.com\/EFgOMeqU2_xl2sKHnPgHcJg8e_g=\/0x0:1700x1065\/1000x0\/smart\/filters:strip_icc()\/i.s3.glbimg.com\/v1\/AUTH_59edd422c0c84a879bd37670ae4f538a\/internal_photos\/bs\/2023\/T\/G\/O72eCLSp2We4AgBYoUNA\/incendiousina2.jpg 1000w, https:\/\/s2-g1.glbimg.com\/IC-YivcmAPw68TFPqZotkZrr0Fs=\/0x0:1700x1065\/984x0\/smart\/filters:strip_icc()\/i.s3.glbimg.com\/v1\/AUTH_59edd422c0c84a879bd37670ae4f538a\/internal_photos\/bs\/2023\/T\/G\/O72eCLSp2We4AgBYoUNA\/incendiousina2.jpg 984w, https:\/\/s2-g1.glbimg.com\/em3LuNo-YzoDSJilf3Y0LIiVdPA=\/0x0:1700x1065\/640x0\/smart\/filters:strip_icc()\/i.s3.glbimg.com\/v1\/AUTH_59edd422c0c84a879bd37670ae4f538a\/internal_photos\/bs\/2023\/T\/G\/O72eCLSp2We4AgBYoUNA\/incendiousina2.jpg 640w, https:\/\/s2-g1.glbimg.com\/PL96M8dQM2dBTujWbGpIMDW8eo4=\/0x0:1700x1065\/600x0\/smart\/filters:strip_icc()\/i.s3.glbimg.com\/v1\/AUTH_59edd422c0c84a879bd37670ae4f538a\/internal_photos\/bs\/2023\/T\/G\/O72eCLSp2We4AgBYoUNA\/incendiousina2.jpg 600w\" alt=\"Inc\u00eandio deixa mortos e feridos em canavial de usina em S\u00e3o Sim\u00e3o, Goi\u00e1s \u2014 Foto: Reprodu\u00e7\u00e3o\/TV Anhanguera\" width=\"647\" height=\"405\" \/><figcaption class=\"wp-caption-text\">Inc\u00eandio deixa mortos e feridos em canavial de usina em S\u00e3o Sim\u00e3o, Goi\u00e1s \u2014 Foto: Reprodu\u00e7\u00e3o\/TV Anhanguera<\/figcaption><\/figure>\n<\/div>\n<p>&nbsp;<\/p>\n<\/div>\n<\/div>\n<div id=\"chunk-31r86\">\n<div class=\"mc-column content-text active-extra-styles \" data-block-type=\"unstyled\" data-block-weight=\"36\" data-block-id=\"13\">\n<p class=\" content-text__container \" data-track-category=\"Link no Texto\" data-track-links=\"\">Os bombeiros divulgaram que o inc\u00eandio come\u00e7ou por volta das 15h, se espalhou por conta do vento forte e \u00e0 alta temperatura. Testemunhas contaram \u00e0 corpora\u00e7\u00e3o que a usina usou 4 caminh\u00f5es-pipa para controlar as chamas.<\/p>\n<\/div>\n<\/div>\n<div id=\"chunk-7qhde\">\n<div class=\"content-ads content-ads--reveal\" data-block-type=\"ads\" data-block-id=\"14\">\n<div><\/div>\n<\/div>\n<\/div>\n<div id=\"chunk-c2jo0\">\n<div class=\"mc-column content-text active-extra-styles \" data-block-type=\"unstyled\" data-block-weight=\"20\" data-block-id=\"15\">\n<p class=\" content-text__container \" data-track-category=\"Link no Texto\" data-track-links=\"\">As chamas acabaram com a palhada de cana e diversos maquin\u00e1rios usados nos trabalhos, incluindo tratores, caminh\u00f5es, \u00f4nibus e colhedeiras.<\/p>\n<figure style=\"width: 647px\" class=\"wp-caption aligncenter\"><img loading=\"lazy\" decoding=\"async\" class=\"i-amphtml-fill-content i-amphtml-replaced-content\" src=\"https:\/\/s2-g1.glbimg.com\/hV6ylaCV8vYrgJ42v3i6qL-l94k=\/0x0:1700x1065\/984x0\/smart\/filters:strip_icc()\/i.s3.glbimg.com\/v1\/AUTH_59edd422c0c84a879bd37670ae4f538a\/internal_photos\/bs\/2023\/g\/c\/Db6xS8S5y7ElN5M0HzSg\/incendiousina3.jpg\" sizes=\"auto, (max-width: 1366px) 648px, 100vw\" srcset=\"https:\/\/s2-g1.glbimg.com\/GlRSPyTyZDhMp5xksLmJqablGHc=\/0x0:1700x1065\/1000x0\/smart\/filters:strip_icc()\/i.s3.glbimg.com\/v1\/AUTH_59edd422c0c84a879bd37670ae4f538a\/internal_photos\/bs\/2023\/g\/c\/Db6xS8S5y7ElN5M0HzSg\/incendiousina3.jpg 1000w, https:\/\/s2-g1.glbimg.com\/hV6ylaCV8vYrgJ42v3i6qL-l94k=\/0x0:1700x1065\/984x0\/smart\/filters:strip_icc()\/i.s3.glbimg.com\/v1\/AUTH_59edd422c0c84a879bd37670ae4f538a\/internal_photos\/bs\/2023\/g\/c\/Db6xS8S5y7ElN5M0HzSg\/incendiousina3.jpg 984w, https:\/\/s2-g1.glbimg.com\/eevQOCW7GFyMqIuWrjpI8q4iup8=\/0x0:1700x1065\/640x0\/smart\/filters:strip_icc()\/i.s3.glbimg.com\/v1\/AUTH_59edd422c0c84a879bd37670ae4f538a\/internal_photos\/bs\/2023\/g\/c\/Db6xS8S5y7ElN5M0HzSg\/incendiousina3.jpg 640w, https:\/\/s2-g1.glbimg.com\/XE5AfIVzMnWBEkqx1d5MaJFqQSE=\/0x0:1700x1065\/600x0\/smart\/filters:strip_icc()\/i.s3.glbimg.com\/v1\/AUTH_59edd422c0c84a879bd37670ae4f538a\/internal_photos\/bs\/2023\/g\/c\/Db6xS8S5y7ElN5M0HzSg\/incendiousina3.jpg 600w\" alt=\"Inc\u00eandio deixa mortos e feridos em canavial de usina em S\u00e3o Sim\u00e3o, Goi\u00e1s \u2014 Foto: Reprodu\u00e7\u00e3o\/TV Anhanguera\" width=\"647\" height=\"405\" \/><figcaption class=\"wp-caption-text\">Inc\u00eandio deixa mortos e feridos em canavial de usina em S\u00e3o Sim\u00e3o, Goi\u00e1s \u2014 Foto: Reprodu\u00e7\u00e3o\/TV Anhanguera<\/figcaption><\/figure>\n<\/div>\n<\/div>\n<div id=\"chunk-dauui\">\n<div class=\"mc-column content-text active-extra-styles\" data-block-type=\"raw\" data-block-weight=\"4\" data-block-id=\"16\">\n<div class=\"content-intertitle\">\n<h2>Nota da Aguape\u00ed Agroenergia<\/h2>\n<\/div>\n<p>&nbsp;<\/p>\n<\/div>\n<\/div>\n<div id=\"chunk-8s2ff\">\n<div class=\"mc-column content-text active-extra-styles \" data-block-type=\"unstyled\" data-block-weight=\"39\" data-block-id=\"17\">\n<p class=\" content-text__container \" data-track-category=\"Link no Texto\" data-track-links=\"\"><em>Lamentamos informar que, na quinta-feira, dia 19\/10, aconteceu um inesperado inc\u00eandio nas \u00e1reas agr\u00edcolas de um dos nossos fornecedores de cana de a\u00e7\u00facar, em S\u00e3o Sim\u00e3o, e, em raz\u00e3o de uma rajada de vento, o fogo se alastrou abruptamente.<\/em><\/p>\n<\/div>\n<\/div>\n<div id=\"chunk-bjl61\">\n<div class=\"mc-column content-text active-extra-styles \" data-block-type=\"unstyled\" data-block-weight=\"34\" data-block-id=\"18\">\n<p class=\" content-text__container \" data-track-category=\"Link no Texto\" data-track-links=\"\"><em>Tal fato, lamentavelmente, atingiu tr\u00eas de seus colaboradores, os quais foram devidamente hospitalizados. Dois j\u00e1 foram liberados e outro, faleceu hoje pela manh\u00e3, totalizando o falecimento de cinco trabalhadores que estavam laborando no local.<\/em><\/p>\n<\/div>\n<\/div>\n<div id=\"chunk-8v0bv\">\n<div class=\"mc-column content-text active-extra-styles \" data-block-type=\"unstyled\" data-block-weight=\"24\" data-block-id=\"19\">\n<p class=\" content-text__container \" data-track-category=\"Link no Texto\" data-track-links=\"\"><em>Ainda n\u00e3o temos mais informa\u00e7\u00f5es sobre o que efetivamente ocasionou o referido inc\u00eandio, mas estamos colaborando com as autoridades da melhor forma poss\u00edvel. <\/em><\/p>\n<\/div>\n<\/div>\n<div id=\"chunk-fsnpb\">\n<div class=\"mc-column content-text active-extra-styles \" data-block-type=\"unstyled\" data-block-weight=\"18\" data-block-id=\"20\">\n<p class=\" content-text__container \" data-track-category=\"Link no Texto\" data-track-links=\"\"><em>Por fim, prestamos nossa solidariedade e condol\u00eancias aos familiares das v\u00edtimas bem como estimas de melhoras aos feridos.<\/em><\/p>\n<p data-track-category=\"Link no Texto\" data-track-links=\"\">\n<p class=\"content-publication-data__from\" title=\"Michel Gomes, g1 Goi\u00e1s\">Por Michel Gomes, g1 Goi\u00e1s<\/p>\n<\/div>\n<\/div>\n<\/div>\n<p title=\"Michel Gomes, g1 Goi\u00e1s\">\n<p title=\"Michel Gomes, g1 Goi\u00e1s\">\n<p title=\"Michel Gomes, g1 Goi\u00e1s\">*Editado para acr\u00e9scimo de informa\u00e7\u00f5es<\/p>\n","protected":false},"excerpt":{"rendered":"<p>Um inc\u00eandio matou cinco trabalhadores e deixou dois feridos no canavial usado por uma usina em S\u00e3o Sim\u00e3o, no sudoeste goiano. Quatro morreram no local e um deles, no hospital. As informa\u00e7\u00f5es foram divulgadas pela Pol\u00edcia Militar (PM), pelo Corpo de Bombeiros e pela pr\u00f3pria empresa. Em nota, a Aguape\u00ed Agroenergia lamentou as mortes e [&hellip;]<\/p>\n","protected":false},"author":5,"featured_media":254655,"comment_status":"closed","ping_status":"closed","sticky":false,"template":"","format":"standard","meta":{"footnotes":""},"categories":[141,38],"tags":[],"class_list":["post-254654","post","type-post","status-publish","format-standard","has-post-thumbnail","hentry","category-goias","category-policia"],"_links":{"self":[{"href":"https:\/\/www.ocorreionews.com.br\/acervo-correio\/index.php?rest_route=\/wp\/v2\/posts\/254654","targetHints":{"allow":["GET"]}}],"collection":[{"href":"https:\/\/www.ocorreionews.com.br\/acervo-correio\/index.php?rest_route=\/wp\/v2\/posts"}],"about":[{"href":"https:\/\/www.ocorreionews.com.br\/acervo-correio\/index.php?rest_route=\/wp\/v2\/types\/post"}],"author":[{"embeddable":true,"href":"https:\/\/www.ocorreionews.com.br\/acervo-correio\/index.php?rest_route=\/wp\/v2\/users\/5"}],"replies":[{"embeddable":true,"href":"https:\/\/www.ocorreionews.com.br\/acervo-correio\/index.php?rest_route=%2Fwp%2Fv2%2Fcomments&post=254654"}],"version-history":[{"count":2,"href":"https:\/\/www.ocorreionews.com.br\/acervo-correio\/index.php?rest_route=\/wp\/v2\/posts\/254654\/revisions"}],"predecessor-version":[{"id":254710,"href":"https:\/\/www.ocorreionews.com.br\/acervo-correio\/index.php?rest_route=\/wp\/v2\/posts\/254654\/revisions\/254710"}],"wp:featuredmedia":[{"embeddable":true,"href":"https:\/\/www.ocorreionews.com.br\/acervo-correio\/index.php?rest_route=\/wp\/v2\/media\/254655"}],"wp:attachment":[{"href":"https:\/\/www.ocorreionews.com.br\/acervo-correio\/index.php?rest_route=%2Fwp%2Fv2%2Fmedia&parent=254654"}],"wp:term":[{"taxonomy":"category","embeddable":true,"href":"https:\/\/www.ocorreionews.com.br\/acervo-correio\/index.php?rest_route=%2Fwp%2Fv2%2Fcategories&post=254654"},{"taxonomy":"post_tag","embeddable":true,"href":"https:\/\/www.ocorreionews.com.br\/acervo-correio\/index.php?rest_route=%2Fwp%2Fv2%2Ftags&post=254654"}],"curies":[{"name":"wp","href":"https:\/\/api.w.org\/{rel}","templated":true}]}}