{"id":254665,"date":"2023-10-20T08:26:55","date_gmt":"2023-10-20T12:26:55","guid":{"rendered":"https:\/\/www.ocorreionews.com.br\/acervo-correio\/?p=254665"},"modified":"2023-10-20T16:30:02","modified_gmt":"2023-10-20T20:30:02","slug":"educacao-de-paraiso-e-premiada-em-festival-de-teatro-sobre-o-transito","status":"publish","type":"post","link":"https:\/\/www.ocorreionews.com.br\/acervo-correio\/?p=254665","title":{"rendered":"Educa\u00e7\u00e3o de Para\u00edso \u00e9 premiada em Festival de Teatro sobre o tr\u00e2nsito"},"content":{"rendered":"<p>Foi realizada nesta quarta-feira (18), na C\u00e2mara de Vereadores de Para\u00edso das \u00c1guas, a premia\u00e7\u00e3o do FETRAN 2022.<\/p>\n<p>O Fetran \u00e9 um Festival Estudantil tem\u00e1tico de teatro para o tr\u00e2nsito. Em 2022 o munic\u00edpio de Para\u00edso das \u00c1guas se destacou e garantiu v\u00e1rios pr\u00eamios a n\u00edveis estaduais.<\/p>\n<p>A Escola Estadual Vereador Kendi Nakai recebeu os pr\u00eamios de melhor artes c\u00eanicas na categoria juvenil com a pe\u00e7a \u201cA Saga de Ckicket e Jubileu no Multiverso Transit\u00f3rio\u201d, sob dire\u00e7\u00e3o do Professor Fernando Rodrigues.<\/p>\n<p>A Escola ainda levou o pr\u00eamio de melhor atriz na categoria juvenil com a aluna Mayra Machado da Silva, e ficou em 3\u00b0 lugar na categoria de melhor espet\u00e1culo.<\/p>\n<p>A Escola Municipal Professora Lizete Rivelli Alpe recebeu o pr\u00eamio de 3\u00b0 lugar na categoria infanto juvenil com o espet\u00e1culo \u201cVoando nas leis de tr\u00e2nsito\u201d, sob a dire\u00e7\u00e3o da professora Luciani Denise Bento de Freitas.<\/p>\n<p>J\u00e1 a Escola Municipal Kou Takahashi recebeu o pr\u00eamio de 2\u00b0 lugar na categoria infantil com o espet\u00e1culo \u201cQual a moral do tr\u00e2nsito?\u201d, sob a dire\u00e7\u00e3o do professor Alex Alves Sampaio.<\/p>\n<p>De acordo com o Secret\u00e1rio Municipal de Educa\u00e7\u00e3o, Jo\u00e3o Donizete Corsini, a iniciativa do Fetran contribui de forma permanente na educa\u00e7\u00e3o dos alunos acerca do respeito \u00e0s leis de tr\u00e2nsito.<\/p>\n<p>\u201cGostaria muito de agradecer \u00e0 Policia Rodovi\u00e1ria Federal e ao Detran pela bel\u00edssima iniciativa. Tamb\u00e9m \u00e9 importante ressaltar o bel\u00edssimo trabalho de professores, diretores e alunos de Para\u00edso das \u00c1guas que tanto se empenharam na montagem dos espet\u00e1culos. Agradecemos tamb\u00e9m a nossa C\u00e2mara de Vereadores e a nosso Prefeito An\u00edzio pela confian\u00e7a e pelo empenho em sempre buscar parcerias para a educa\u00e7\u00e3o de nosso munic\u00edpio\u201d, afirmou o secret\u00e1rio.<\/p>\n<p><img decoding=\"async\" class=\"lb-image\" src=\"http:\/\/www.paraisodasaguas.ms.gov.br\/uploads\/noticia\/imagem-do-whatsapp-de-2023-10-18-as-1922023cab889f.jpg\" \/><\/p>\n<p><img decoding=\"async\" class=\"lb-image\" src=\"http:\/\/www.paraisodasaguas.ms.gov.br\/uploads\/noticia\/imagem-do-whatsapp-de-2023-10-18-as-192203566141be.jpg\" \/><\/p>\n<p><img decoding=\"async\" class=\"lb-image\" src=\"http:\/\/www.paraisodasaguas.ms.gov.br\/uploads\/noticia\/imagem-do-whatsapp-de-2023-10-18-as-192211cb9920df.jpg\" \/><\/p>\n<p>&nbsp;<\/p>\n<p>*Assessoria Prefeitura<\/p>\n","protected":false},"excerpt":{"rendered":"<p>Foi realizada nesta quarta-feira (18), na C\u00e2mara de Vereadores de Para\u00edso das \u00c1guas, a premia\u00e7\u00e3o do FETRAN 2022. O Fetran \u00e9 um Festival Estudantil tem\u00e1tico de teatro para o tr\u00e2nsito. Em 2022 o munic\u00edpio de Para\u00edso das \u00c1guas se destacou e garantiu v\u00e1rios pr\u00eamios a n\u00edveis estaduais. A Escola Estadual Vereador Kendi Nakai recebeu os [&hellip;]<\/p>\n","protected":false},"author":5,"featured_media":254667,"comment_status":"closed","ping_status":"closed","sticky":false,"template":"","format":"standard","meta":{"footnotes":""},"categories":[36],"tags":[],"class_list":["post-254665","post","type-post","status-publish","format-standard","has-post-thumbnail","hentry","category-paraiso-das-aguas"],"_links":{"self":[{"href":"https:\/\/www.ocorreionews.com.br\/acervo-correio\/index.php?rest_route=\/wp\/v2\/posts\/254665","targetHints":{"allow":["GET"]}}],"collection":[{"href":"https:\/\/www.ocorreionews.com.br\/acervo-correio\/index.php?rest_route=\/wp\/v2\/posts"}],"about":[{"href":"https:\/\/www.ocorreionews.com.br\/acervo-correio\/index.php?rest_route=\/wp\/v2\/types\/post"}],"author":[{"embeddable":true,"href":"https:\/\/www.ocorreionews.com.br\/acervo-correio\/index.php?rest_route=\/wp\/v2\/users\/5"}],"replies":[{"embeddable":true,"href":"https:\/\/www.ocorreionews.com.br\/acervo-correio\/index.php?rest_route=%2Fwp%2Fv2%2Fcomments&post=254665"}],"version-history":[{"count":2,"href":"https:\/\/www.ocorreionews.com.br\/acervo-correio\/index.php?rest_route=\/wp\/v2\/posts\/254665\/revisions"}],"predecessor-version":[{"id":254670,"href":"https:\/\/www.ocorreionews.com.br\/acervo-correio\/index.php?rest_route=\/wp\/v2\/posts\/254665\/revisions\/254670"}],"wp:featuredmedia":[{"embeddable":true,"href":"https:\/\/www.ocorreionews.com.br\/acervo-correio\/index.php?rest_route=\/wp\/v2\/media\/254667"}],"wp:attachment":[{"href":"https:\/\/www.ocorreionews.com.br\/acervo-correio\/index.php?rest_route=%2Fwp%2Fv2%2Fmedia&parent=254665"}],"wp:term":[{"taxonomy":"category","embeddable":true,"href":"https:\/\/www.ocorreionews.com.br\/acervo-correio\/index.php?rest_route=%2Fwp%2Fv2%2Fcategories&post=254665"},{"taxonomy":"post_tag","embeddable":true,"href":"https:\/\/www.ocorreionews.com.br\/acervo-correio\/index.php?rest_route=%2Fwp%2Fv2%2Ftags&post=254665"}],"curies":[{"name":"wp","href":"https:\/\/api.w.org\/{rel}","templated":true}]}}