{"id":254669,"date":"2023-10-20T08:28:22","date_gmt":"2023-10-20T12:28:22","guid":{"rendered":"https:\/\/www.ocorreionews.com.br\/acervo-correio\/?p=254669"},"modified":"2023-10-20T08:28:22","modified_gmt":"2023-10-20T12:28:22","slug":"parceira-entre-sindicato-rural-e-senar-ms-garantem-beneficios-para-produtores-de-chapadao-do-sul","status":"publish","type":"post","link":"https:\/\/www.ocorreionews.com.br\/acervo-correio\/?p=254669","title":{"rendered":"Parceira entre Sindicato Rural e SENAR\/MS garantem benef\u00edcios para produtores de Chapad\u00e3o do Sul"},"content":{"rendered":"<p>Na \u00faltima quarta-feira (18), o Sindicato Rural de Chapad\u00e3o do Sul, representado pelo Presidente Walter Schlatter e pelo Vice-presidente Maiquel de Gasperi, recebeu visita da Coordenadora da Assist\u00eancia T\u00e9cnica e Gerencial (ATeG) de Gr\u00e3os do programa Agro Plus do SENAR\/MS, a Sra. Gislene Pereira.<\/p>\n<p>De acordo com a Assessoria do Sindicato, o objetivo dessa visita foi a entrega de kits de primeiros socorros que ser\u00e3o encaminhados aos produtores rurais atendidos pela ATeG Gr\u00e3os, em cumprimento das exig\u00eancias da legisla\u00e7\u00e3o vigente. A Assist\u00eancia T\u00e9cnica e Gerencial em Gr\u00e3os tem como prop\u00f3sito acompanhar propriedades rurais, orientando quest\u00f5es sociais, ambientais e econ\u00f4micas, para que os produtores rurais possam cumprir seguramente as exig\u00eancias legais.<\/p>\n<p>Atualmente, o Sindicato Rural de Chapad\u00e3o do Sul em parceria com a ATeG Gr\u00e3os acompanha 42 propriedades, totalizando uma \u00e1rea de 39 mil hectares. Essa parceria beneficia quase 500 funcion\u00e1rios das propriedades rurais, por meio de treinamentos e orienta\u00e7\u00f5es t\u00e9cnicas.<\/p>\n<p>\u201c<em>\u00c9 um grande avan\u00e7o para o setor agr\u00edcola da regi\u00e3o, v\u00eam proporcionando melhorias nas pr\u00e1ticas de seguran\u00e7a e sa\u00fade no trabalho, al\u00e9m de contribuir para o cumprimento das normas legais. Parabenizamos o Sindicato Rural e a ATeG Gr\u00e3os pelo trabalho conjunto e pelo compromisso com o desenvolvimento sustent\u00e1vel do meio rural<\/em>\u201d, disse o presidente do Sindicato Rural Walter Schlatter.<\/p>\n","protected":false},"excerpt":{"rendered":"<p>Na \u00faltima quarta-feira (18), o Sindicato Rural de Chapad\u00e3o do Sul, representado pelo Presidente Walter Schlatter e pelo Vice-presidente Maiquel de Gasperi, recebeu visita da Coordenadora da Assist\u00eancia T\u00e9cnica e Gerencial (ATeG) de Gr\u00e3os do programa Agro Plus do SENAR\/MS, a Sra. Gislene Pereira. De acordo com a Assessoria do Sindicato, o objetivo dessa visita [&hellip;]<\/p>\n","protected":false},"author":5,"featured_media":254666,"comment_status":"closed","ping_status":"closed","sticky":false,"template":"","format":"standard","meta":{"footnotes":""},"categories":[17,23,41],"tags":[],"class_list":["post-254669","post","type-post","status-publish","format-standard","has-post-thumbnail","hentry","category-agropecuaria","category-chapadao-do-sul","category-destaque"],"_links":{"self":[{"href":"https:\/\/www.ocorreionews.com.br\/acervo-correio\/index.php?rest_route=\/wp\/v2\/posts\/254669","targetHints":{"allow":["GET"]}}],"collection":[{"href":"https:\/\/www.ocorreionews.com.br\/acervo-correio\/index.php?rest_route=\/wp\/v2\/posts"}],"about":[{"href":"https:\/\/www.ocorreionews.com.br\/acervo-correio\/index.php?rest_route=\/wp\/v2\/types\/post"}],"author":[{"embeddable":true,"href":"https:\/\/www.ocorreionews.com.br\/acervo-correio\/index.php?rest_route=\/wp\/v2\/users\/5"}],"replies":[{"embeddable":true,"href":"https:\/\/www.ocorreionews.com.br\/acervo-correio\/index.php?rest_route=%2Fwp%2Fv2%2Fcomments&post=254669"}],"version-history":[{"count":1,"href":"https:\/\/www.ocorreionews.com.br\/acervo-correio\/index.php?rest_route=\/wp\/v2\/posts\/254669\/revisions"}],"predecessor-version":[{"id":254671,"href":"https:\/\/www.ocorreionews.com.br\/acervo-correio\/index.php?rest_route=\/wp\/v2\/posts\/254669\/revisions\/254671"}],"wp:featuredmedia":[{"embeddable":true,"href":"https:\/\/www.ocorreionews.com.br\/acervo-correio\/index.php?rest_route=\/wp\/v2\/media\/254666"}],"wp:attachment":[{"href":"https:\/\/www.ocorreionews.com.br\/acervo-correio\/index.php?rest_route=%2Fwp%2Fv2%2Fmedia&parent=254669"}],"wp:term":[{"taxonomy":"category","embeddable":true,"href":"https:\/\/www.ocorreionews.com.br\/acervo-correio\/index.php?rest_route=%2Fwp%2Fv2%2Fcategories&post=254669"},{"taxonomy":"post_tag","embeddable":true,"href":"https:\/\/www.ocorreionews.com.br\/acervo-correio\/index.php?rest_route=%2Fwp%2Fv2%2Ftags&post=254669"}],"curies":[{"name":"wp","href":"https:\/\/api.w.org\/{rel}","templated":true}]}}