{"id":254682,"date":"2023-10-20T09:10:52","date_gmt":"2023-10-20T13:10:52","guid":{"rendered":"https:\/\/www.ocorreionews.com.br\/acervo-correio\/?p=254682"},"modified":"2023-10-20T09:10:52","modified_gmt":"2023-10-20T13:10:52","slug":"trabalhador-rural-morre-apos-ser-atacado-por-boi-em-ms","status":"publish","type":"post","link":"https:\/\/www.ocorreionews.com.br\/acervo-correio\/?p=254682","title":{"rendered":"Trabalhador rural morre ap\u00f3s ser atacado por boi em MS"},"content":{"rendered":"<p>Um trabalhador, de 66 anos, morreu ap\u00f3s ser atacado por um boi na ter\u00e7a-feira (17) em uma fazenda do munic\u00edpio de Maracaju &#8211; distante a 164 quil\u00f4metros de Campo Grande.<\/p>\n<p>Conforme o boletim de ocorr\u00eancia, o pai da v\u00edtima contou que durante o trabalho o homem foi atacado por um boi. Em seguida, o pai fooi para casa e ligou para o patr\u00e3o.<\/p>\n<p>Neste momento, uma pessoa buscou a v\u00edtima e a levou ao Hospital Soriano Corr\u00eaa da Silva, onde recebeu atendimento e foi encaminhado para Santa Casa em Campo Grande.<\/p>\n<p>No entanto, na quinta-feira (19), teve uma piora e ap\u00f3s os procedimentos m\u00e9dicos e morreu. O caso foi registrado como morte a esclarecer na Delegacia de Pronto Atendimento Comunit\u00e1rio (Depac-Cepol).<\/p>\n<p>&nbsp;<\/p>\n<p>&nbsp;<\/p>\n<p>*Top M\u00eddia News &#8211; Marina Miranda<\/p>\n","protected":false},"excerpt":{"rendered":"<p>Um trabalhador, de 66 anos, morreu ap\u00f3s ser atacado por um boi na ter\u00e7a-feira (17) em uma fazenda do munic\u00edpio de Maracaju &#8211; distante a 164 quil\u00f4metros de Campo Grande. Conforme o boletim de ocorr\u00eancia, o pai da v\u00edtima contou que durante o trabalho o homem foi atacado por um boi. Em seguida, o pai [&hellip;]<\/p>\n","protected":false},"author":5,"featured_media":103341,"comment_status":"closed","ping_status":"closed","sticky":false,"template":"","format":"standard","meta":{"footnotes":""},"categories":[38],"tags":[],"class_list":["post-254682","post","type-post","status-publish","format-standard","has-post-thumbnail","hentry","category-policia"],"_links":{"self":[{"href":"https:\/\/www.ocorreionews.com.br\/acervo-correio\/index.php?rest_route=\/wp\/v2\/posts\/254682","targetHints":{"allow":["GET"]}}],"collection":[{"href":"https:\/\/www.ocorreionews.com.br\/acervo-correio\/index.php?rest_route=\/wp\/v2\/posts"}],"about":[{"href":"https:\/\/www.ocorreionews.com.br\/acervo-correio\/index.php?rest_route=\/wp\/v2\/types\/post"}],"author":[{"embeddable":true,"href":"https:\/\/www.ocorreionews.com.br\/acervo-correio\/index.php?rest_route=\/wp\/v2\/users\/5"}],"replies":[{"embeddable":true,"href":"https:\/\/www.ocorreionews.com.br\/acervo-correio\/index.php?rest_route=%2Fwp%2Fv2%2Fcomments&post=254682"}],"version-history":[{"count":1,"href":"https:\/\/www.ocorreionews.com.br\/acervo-correio\/index.php?rest_route=\/wp\/v2\/posts\/254682\/revisions"}],"predecessor-version":[{"id":254683,"href":"https:\/\/www.ocorreionews.com.br\/acervo-correio\/index.php?rest_route=\/wp\/v2\/posts\/254682\/revisions\/254683"}],"wp:featuredmedia":[{"embeddable":true,"href":"https:\/\/www.ocorreionews.com.br\/acervo-correio\/index.php?rest_route=\/wp\/v2\/media\/103341"}],"wp:attachment":[{"href":"https:\/\/www.ocorreionews.com.br\/acervo-correio\/index.php?rest_route=%2Fwp%2Fv2%2Fmedia&parent=254682"}],"wp:term":[{"taxonomy":"category","embeddable":true,"href":"https:\/\/www.ocorreionews.com.br\/acervo-correio\/index.php?rest_route=%2Fwp%2Fv2%2Fcategories&post=254682"},{"taxonomy":"post_tag","embeddable":true,"href":"https:\/\/www.ocorreionews.com.br\/acervo-correio\/index.php?rest_route=%2Fwp%2Fv2%2Ftags&post=254682"}],"curies":[{"name":"wp","href":"https:\/\/api.w.org\/{rel}","templated":true}]}}