{"id":254684,"date":"2023-10-20T09:17:37","date_gmt":"2023-10-20T13:17:37","guid":{"rendered":"https:\/\/www.ocorreionews.com.br\/acervo-correio\/?p=254684"},"modified":"2023-10-20T16:28:50","modified_gmt":"2023-10-20T20:28:50","slug":"convocacao-2a-conferencia-municipal-de-cultura-de-alcinopolis","status":"publish","type":"post","link":"https:\/\/www.ocorreionews.com.br\/acervo-correio\/?p=254684","title":{"rendered":"Convoca\u00e7\u00e3o: 2\u00aa Confer\u00eancia Municipal de Cultura de Alcin\u00f3polis"},"content":{"rendered":"<p>Foi publicado hoje 19\/10, no Di\u00e1rio Oficial Eletr\u00f4nico n\u00ba 1.340 de Alcin\u00f3polis, Decreto n\u00ba 95, de 18 de outubro de 2023, a convoca\u00e7\u00e3o para a 2\u00aa Confer\u00eancia Municipal de Cultura, que ser\u00e1 realizada no dia 30 de outubro de 2023, \u00e0s 13h00min, no Plen\u00e1rio da C\u00e2mara Municipal.<\/p>\n<p><em><strong>Veja abaixo a publica\u00e7\u00e3o na integra<\/strong><\/em><\/p>\n<p>Confer\u00eancia Municipal de Cultura <strong>MINUTA DE CONVOCA\u00c7\u00c3O\u00a0<\/strong>Decreto n\u00ba 95, de 18 de outubro de 2023.\u00a0Convoca para a 2\u00aa Confer\u00eancia Municipal de Cultura.\u00a0O Prefeito Municipal de Alcin\u00f3polis, em conjunto com a Presidente do Conselho Municipal de Cultura, no uso de suas atribui\u00e7\u00f5es e, considerando a necessidade de avaliar e propor diretrizes para a implementa\u00e7\u00e3o da Pol\u00edtica de Cultura no munic\u00edpio, RESOLVE:\u00a0<strong>Art. 1\u00ba<\/strong> Fica convocada para a 2\u00aa Confer\u00eancia Municipal de Cultura, a ser realizada no dia 30 de outubro de 2023, \u00e0s 13h00min, no Plen\u00e1rio da C\u00e2mara Municipal, sito \u00e0 Avenida Averaldo Fernandes Barbosa, tendo como tema central: \u201cDemocracia e Direito \u00e0 Cultura\u201d, em conformidade com a Portaria do Minist\u00e9rio da Cultura n\u00ba 45 de 14 de julho de 2023.\u00a0<strong>Art. 2\u00ba<\/strong> As despesas decorrentes da realiza\u00e7\u00e3o da Confer\u00eancia de Cultura, correr\u00e3o por conta de dota\u00e7\u00e3o pr\u00f3pria do or\u00e7amento do \u00f3rg\u00e3o gestor municipal de Cultura.\u00a0<strong>Art. 3\u00ba<\/strong> Este Decreto\/Portaria\/Ato entrar\u00e1 em vigor na data de sua publica\u00e7\u00e3o.\u00a0Alcin\u00f3polis, 18 de outubro de 2023.\u00a0Dalmy Cris\u00f3stomo da Silva.Prefeito do Munic\u00edpio de Alcin\u00f3polis.\u00a0M\u00e1rcia Aranda Jorge Machado.\u00a0Presidente do Conselho Municipal de Cultura de Alcin\u00f3polis.<\/p>\n<p><a href=\"https:\/\/www.alcinopolis.ms.gov.br\/site\/wp-content\/uploads\/2023\/10\/Diario-Oficial-Eletronico-Edicao-no-1.340-19-10-23.pdf\"><strong>CLIQUE AQUI:<\/strong><\/a> Confere no \u201cDi\u00e1rio Oficial\u201d.<\/p>\n<p><img loading=\"lazy\" decoding=\"async\" class=\"alignnone size-medium wp-image-15468\" src=\"http:\/\/www.ccnews.com.br\/wp-content\/uploads\/2023\/10\/2a-Conferencia-Municipal-de-Cultura-300x198.jpg\" alt=\"\" width=\"300\" height=\"198\" \/><\/p>\n<p>&nbsp;<\/p>\n<p>*Regional MS<\/p>\n","protected":false},"excerpt":{"rendered":"<p>Foi publicado hoje 19\/10, no Di\u00e1rio Oficial Eletr\u00f4nico n\u00ba 1.340 de Alcin\u00f3polis, Decreto n\u00ba 95, de 18 de outubro de 2023, a convoca\u00e7\u00e3o para a 2\u00aa Confer\u00eancia Municipal de Cultura, que ser\u00e1 realizada no dia 30 de outubro de 2023, \u00e0s 13h00min, no Plen\u00e1rio da C\u00e2mara Municipal. Veja abaixo a publica\u00e7\u00e3o na integra Confer\u00eancia Municipal [&hellip;]<\/p>\n","protected":false},"author":5,"featured_media":254685,"comment_status":"closed","ping_status":"closed","sticky":false,"template":"","format":"standard","meta":{"footnotes":""},"categories":[18],"tags":[],"class_list":["post-254684","post","type-post","status-publish","format-standard","has-post-thumbnail","hentry","category-alcinopolis"],"_links":{"self":[{"href":"https:\/\/www.ocorreionews.com.br\/acervo-correio\/index.php?rest_route=\/wp\/v2\/posts\/254684","targetHints":{"allow":["GET"]}}],"collection":[{"href":"https:\/\/www.ocorreionews.com.br\/acervo-correio\/index.php?rest_route=\/wp\/v2\/posts"}],"about":[{"href":"https:\/\/www.ocorreionews.com.br\/acervo-correio\/index.php?rest_route=\/wp\/v2\/types\/post"}],"author":[{"embeddable":true,"href":"https:\/\/www.ocorreionews.com.br\/acervo-correio\/index.php?rest_route=\/wp\/v2\/users\/5"}],"replies":[{"embeddable":true,"href":"https:\/\/www.ocorreionews.com.br\/acervo-correio\/index.php?rest_route=%2Fwp%2Fv2%2Fcomments&post=254684"}],"version-history":[{"count":1,"href":"https:\/\/www.ocorreionews.com.br\/acervo-correio\/index.php?rest_route=\/wp\/v2\/posts\/254684\/revisions"}],"predecessor-version":[{"id":254686,"href":"https:\/\/www.ocorreionews.com.br\/acervo-correio\/index.php?rest_route=\/wp\/v2\/posts\/254684\/revisions\/254686"}],"wp:featuredmedia":[{"embeddable":true,"href":"https:\/\/www.ocorreionews.com.br\/acervo-correio\/index.php?rest_route=\/wp\/v2\/media\/254685"}],"wp:attachment":[{"href":"https:\/\/www.ocorreionews.com.br\/acervo-correio\/index.php?rest_route=%2Fwp%2Fv2%2Fmedia&parent=254684"}],"wp:term":[{"taxonomy":"category","embeddable":true,"href":"https:\/\/www.ocorreionews.com.br\/acervo-correio\/index.php?rest_route=%2Fwp%2Fv2%2Fcategories&post=254684"},{"taxonomy":"post_tag","embeddable":true,"href":"https:\/\/www.ocorreionews.com.br\/acervo-correio\/index.php?rest_route=%2Fwp%2Fv2%2Ftags&post=254684"}],"curies":[{"name":"wp","href":"https:\/\/api.w.org\/{rel}","templated":true}]}}