{"id":254687,"date":"2023-10-20T09:57:13","date_gmt":"2023-10-20T13:57:13","guid":{"rendered":"https:\/\/www.ocorreionews.com.br\/acervo-correio\/?p=254687"},"modified":"2023-10-20T16:39:48","modified_gmt":"2023-10-20T20:39:48","slug":"promotor-de-justica-elogia-atuacao-do-prefeito-de-figueirao","status":"publish","type":"post","link":"https:\/\/www.ocorreionews.com.br\/acervo-correio\/?p=254687","title":{"rendered":"Promotor de Justi\u00e7a elogia atua\u00e7\u00e3o do prefeito de Figueir\u00e3o."},"content":{"rendered":"<p>O Promotor de Justi\u00e7a Gustavo Henrique Bertocco de Souza arquivou den\u00fancia improcedente e ainda elogiou a atua\u00e7\u00e3o do prefeito de Figueir\u00e3o, Juvenal Consolaro (PSDB), que segue corretamente os princ\u00edpios administrativos para uma gest\u00e3o eficiente e econ\u00f4mica.<\/p>\n<p>Juvenal foi acusado de improbidade administrativa por suposta omiss\u00e3o dolosa na presta\u00e7\u00e3o de contas do munic\u00edpio. Conforme a den\u00fancia, ele estaria omitindo dados importantes para ocultar poss\u00edveis irregularidades, o que ficou comprovado n\u00e3o se passar de apenas um mal entendido.<\/p>\n<p>Segundo o Procurador Jur\u00eddico de Figueir\u00e3o e Procurador de Justi\u00e7a aposentado do Minist\u00e9rio P\u00fablico, Amilton Pl\u00e1cido da Rosa, os balancetes deixaram de ser impressos j\u00e1 que os vereadores podem consultar todas as movimenta\u00e7\u00f5es financeiras da prefeitura atrav\u00e9s do portal da transpar\u00eancia, no entanto, isso motivou a den\u00fancia.<\/p>\n<p>\u201cFoi feito um acordo com os vereadores, na gest\u00e3o passada, para n\u00e3o entregar mais os balan\u00e7os impressos, j\u00e1 que todos os dados est\u00e3o dispon\u00edveis no site. Eles concordaram e continuaram com as a\u00e7\u00f5es de fiscaliza\u00e7\u00e3o\u201d, explica. Assim, a \u00fanica mudan\u00e7a \u00e9 que os dados est\u00e3o dispon\u00edveis on-line, economizando uso de papel.<\/p>\n<p>Ap\u00f3s a an\u00e1lise dos fatos e documentos, o promotor Gustavo Henrique elogiou a administra\u00e7\u00e3o de Juvenal. \u201cA postura do munic\u00edpio de Figueir\u00e3o, ao contr\u00e1rio de se desenhar como ilegal, vai justamente ao encontro de princ\u00edpios da administra\u00e7\u00e3o, como economicidade e efici\u00eancia, objetivando-se a minimiza\u00e7\u00e3o dos gastos p\u00fablicos, sem comprometimento dos padr\u00f5es de qualidade e demonstrando a capacidade do ente pol\u00edtico de gerir adequadamente os recursos financeiros colocados \u00e0 sua disposi\u00e7\u00e3o\u201d.<\/p>\n<p>Por fim, o promotor concluiu pelo arquivamento sum\u00e1rio da den\u00fancia. \u201cAssim, ante todo o exposto, n\u00e3o havendo necessidade ou utilidade na instaura\u00e7\u00e3o de outro procedimento (procedimento preparat\u00f3rio ou inqu\u00e9rito civil) ou de ajuizamento de a\u00e7\u00e3o civil p\u00fablica, porquanto ausente justa causa na den\u00fancia apresentada, determino o arquivamento da not\u00edcia de fato\u201d.<\/p>\n<p><strong>A\u00e7\u00f5es da prefeitura<\/strong><\/p>\n<p>O prefeito Juvenal Consolaro vem investindo em infraestrutura, sa\u00fade, educa\u00e7\u00e3o e cultura. Entre as a\u00e7\u00f5es, destaque para a amplia\u00e7\u00e3o da pista de caminhada, que est\u00e1 progredindo rapidamente, passando de 800 metros para 2.200 metros.<\/p>\n<p>Projeto para a constru\u00e7\u00e3o da Casa da Cultura no local onde funcionou a primeira escola de Figueir\u00e3o \u00e9 a garantia que a hist\u00f3ria do munic\u00edpio ser\u00e1 preservada para as pr\u00f3ximas gera\u00e7\u00f5es.<\/p>\n<p>A frota municipal recebeu duas novas caminhonetes e tr\u00eas ambul\u00e2ncias, uma delas equipada com UTI m\u00f3vel neonatal para rec\u00e9m-nascidos. A assist\u00eancia social tamb\u00e9m ganhou um refor\u00e7o com uma picape Strada, cabine dupla.<\/p>\n<p>A prefeitura est\u00e1 avaliando a possibilidade de loteamento para a constru\u00e7\u00e3o de casas populares e finalizando as obras de mais 10 moradias. Na \u00e1rea da educa\u00e7\u00e3o, um terreno foi adquirido para a expans\u00e3o da escola municipal.<\/p>\n<p>No que diz respeito \u00e0 infraestrutura, est\u00e3o previstas a\u00e7\u00f5es como a sinaliza\u00e7\u00e3o vi\u00e1ria, implanta\u00e7\u00e3o de quebra-molas e a finaliza\u00e7\u00e3o do asfaltamento da \u00e1rea urbana nos pr\u00f3ximos meses.<\/p>\n<p>Os estudantes da zona rural tamb\u00e9m est\u00e3o sendo contemplados com a constru\u00e7\u00e3o de pontos de \u00f4nibus e obras de cascalhamento nas regi\u00f5es das Furnas da Piraputanga e da comunidade quilombola de Santa Tereza.<\/p>\n<p><strong>Veja os valores investidos na reforma do hospital, compra de ve\u00edculos e de materiais. Tudo adquirido por meio de emendas parlamentares e contrapartida do munic\u00edpio e alguns com recursos pr\u00f3prios: \u00a0<\/strong><\/p>\n<ul>\n<li>01 spin \u2013 R$114 mil;<\/li>\n<li>02 Van Transit \u2013 R$580 mil;<\/li>\n<li>02 Ambul\u00e2ncias simples remo\u00e7\u00e3o \u2013 R$540 mil;<\/li>\n<li>01 UTI Neonatal \u2013 R$492 mil de recursos pr\u00f3prios;<\/li>\n<li>10 Bicicletas el\u00e9tricas \u2013 R$52.500 mil;<\/li>\n<li>01 Camionete Ranger \u2013 R$229 mil de recursos pr\u00f3prios;<\/li>\n<li>Reforma do Hospital Municipal \u2013 cerca de R$490 mil;<\/li>\n<li>Reforma do posto de sa\u00fade da Comunidade de Santa Tereza \u2013 R$17.500 mil;<\/li>\n<li>Aquisi\u00e7\u00e3o de materiais tipo: poltrona, cama hospitalar, escada hospitalar, suporte de soro, maca ginecol\u00f3gica, autoclave, prateleiras, cadeiras ambos para equipar a Farm\u00e1cia Hospitalar, UBS e Hospital \u2013 cerca de R$70 mil.<\/li>\n<\/ul>\n<p>O munic\u00edpio conta com os atendimentos:<\/p>\n<ul>\n<li>Laborat\u00f3rio Municipal;<\/li>\n<li>Cl\u00ednica Municipal com seguintes atendimentos<\/li>\n<li>Fonoaudi\u00f3logo;<\/li>\n<li>Psic\u00f3logo;<\/li>\n<li>Nutricionista;<\/li>\n<li>Fisioterapeutas;<\/li>\n<li>Cardiologista com exames;<\/li>\n<li>Psiquiatra;<\/li>\n<li>Ortopedistas;<\/li>\n<li>Pediatra;<\/li>\n<li>Ginecologista;<\/li>\n<li>Ultrassonografista (exames realizados no munic\u00edpio);<\/li>\n<li>M\u00e9dicos de especialidades atendem a cada 30 dias.<\/li>\n<li>Hospital 24h<\/li>\n<li>UBS<\/li>\n<li>03 m\u00e9dicos atendendo;<\/li>\n<li>Farm\u00e1cia B\u00e1sica;<\/li>\n<li>02 odontologistas;<\/li>\n<li>Academia da Sa\u00fade com fisioterapeuta;<\/li>\n<li>Atendimentos na Comunidade Quilombola de Santa Teresa com m\u00e9dico duas vezes na semana, e carro exclusivo para levar pacientes para hemodi\u00e1lise.<\/li>\n<\/ul>\n<p>&nbsp;<\/p>\n<p>&nbsp;<\/p>\n<p>Fonte\/Fotos: PMFigueir\u00e3o\/RubemVasconcellos, com informa\u00e7\u00f5es MS Todo Dia<\/p>\n","protected":false},"excerpt":{"rendered":"<p>O Promotor de Justi\u00e7a Gustavo Henrique Bertocco de Souza arquivou den\u00fancia improcedente e ainda elogiou a atua\u00e7\u00e3o do prefeito de Figueir\u00e3o, Juvenal Consolaro (PSDB), que segue corretamente os princ\u00edpios administrativos para uma gest\u00e3o eficiente e econ\u00f4mica. Juvenal foi acusado de improbidade administrativa por suposta omiss\u00e3o dolosa na presta\u00e7\u00e3o de contas do munic\u00edpio. Conforme a den\u00fancia, [&hellip;]<\/p>\n","protected":false},"author":5,"featured_media":254688,"comment_status":"closed","ping_status":"closed","sticky":false,"template":"","format":"standard","meta":{"footnotes":""},"categories":[30],"tags":[],"class_list":["post-254687","post","type-post","status-publish","format-standard","has-post-thumbnail","hentry","category-figueirao"],"_links":{"self":[{"href":"https:\/\/www.ocorreionews.com.br\/acervo-correio\/index.php?rest_route=\/wp\/v2\/posts\/254687","targetHints":{"allow":["GET"]}}],"collection":[{"href":"https:\/\/www.ocorreionews.com.br\/acervo-correio\/index.php?rest_route=\/wp\/v2\/posts"}],"about":[{"href":"https:\/\/www.ocorreionews.com.br\/acervo-correio\/index.php?rest_route=\/wp\/v2\/types\/post"}],"author":[{"embeddable":true,"href":"https:\/\/www.ocorreionews.com.br\/acervo-correio\/index.php?rest_route=\/wp\/v2\/users\/5"}],"replies":[{"embeddable":true,"href":"https:\/\/www.ocorreionews.com.br\/acervo-correio\/index.php?rest_route=%2Fwp%2Fv2%2Fcomments&post=254687"}],"version-history":[{"count":2,"href":"https:\/\/www.ocorreionews.com.br\/acervo-correio\/index.php?rest_route=\/wp\/v2\/posts\/254687\/revisions"}],"predecessor-version":[{"id":254690,"href":"https:\/\/www.ocorreionews.com.br\/acervo-correio\/index.php?rest_route=\/wp\/v2\/posts\/254687\/revisions\/254690"}],"wp:featuredmedia":[{"embeddable":true,"href":"https:\/\/www.ocorreionews.com.br\/acervo-correio\/index.php?rest_route=\/wp\/v2\/media\/254688"}],"wp:attachment":[{"href":"https:\/\/www.ocorreionews.com.br\/acervo-correio\/index.php?rest_route=%2Fwp%2Fv2%2Fmedia&parent=254687"}],"wp:term":[{"taxonomy":"category","embeddable":true,"href":"https:\/\/www.ocorreionews.com.br\/acervo-correio\/index.php?rest_route=%2Fwp%2Fv2%2Fcategories&post=254687"},{"taxonomy":"post_tag","embeddable":true,"href":"https:\/\/www.ocorreionews.com.br\/acervo-correio\/index.php?rest_route=%2Fwp%2Fv2%2Ftags&post=254687"}],"curies":[{"name":"wp","href":"https:\/\/api.w.org\/{rel}","templated":true}]}}