{"id":254691,"date":"2023-10-20T10:12:39","date_gmt":"2023-10-20T14:12:39","guid":{"rendered":"https:\/\/www.ocorreionews.com.br\/acervo-correio\/?p=254691"},"modified":"2023-10-20T16:28:45","modified_gmt":"2023-10-20T20:28:45","slug":"inscricoes-aberta-para-o-femuk-2023-festival-escolar-de-musica-de-paraiso-das-aguas","status":"publish","type":"post","link":"https:\/\/www.ocorreionews.com.br\/acervo-correio\/?p=254691","title":{"rendered":"Inscri\u00e7\u00f5es aberta para o FEMUK 2023 Festival Escolar de M\u00fasica de Para\u00edso das \u00c1guas"},"content":{"rendered":"<p>As inscri\u00e7\u00f5es para o\u00a0 Festival Escolar de M\u00fasica Kendi Nakai &#8211; FEMUK &#8211; um dos maiores festivais da cidade, que no passado movimentavam os artistas locais, est\u00e1 de volta em novo formato e com as incri\u00e7\u00f5es que v\u00e3o do dia 19\/10 \u00e0 01\/11.\u00a0 Com uma premia\u00e7\u00e3o total de R$3,6 mil.<\/p>\n<p>A participa\u00e7\u00e3o \u00e9 exclusiva para alunos devidamente matriculados e frequentes na rede estadual e municipal de ensino, da sede e distritos de Para\u00edso das \u00c1guas (MS).<\/p>\n<p>O resultado dos selecionados por categoria ser\u00e1 divulgado no dia 06 de novembro. O evento acontece nos dias 10 e 11 de novembro, a partir das 19h, na Pra\u00e7a Francisco Rodrigues da Cunha (Igreja Matriz).<\/p>\n<p>Haver\u00e1 o T\u00fanel do Tempo com apresenta\u00e7\u00e3o de participantes de edi\u00e7\u00f5es dos Femuks anteriores, Pra\u00e7a de Alimenta\u00e7\u00e3o e Bail\u00e3o com Sociedade Baileira no s\u00e1bado, dia 11\/11.\u00a0<b>ENTRADA FRANCA &#8211; PROIBIDO ENTRADA DE RECIPIENTE DE VIDRO &#8211; COMPRE SUA BEBIDA NO LOCAL E AJUDE A COMUNIDADE.<\/b><\/p>\n<p>Categorias<\/p>\n<p><b>Mirim, Infantil, Juvenil e Gospel<\/b><\/p>\n<p>Total em premia\u00e7\u00e3o PARA CADA CATEGORIA:<\/p>\n<p><b>R$ 3.600,00<\/b><\/p>\n<p>1\u00ba lugar: 500,00 + trof\u00e9u<\/p>\n<p>2\u00ba lugar: 250,00 + trof\u00e9u<\/p>\n<p>3\u00ba lugar: 150,00 + trof\u00e9u<\/p>\n<p><b>\u25cf\u00a0 Medalha de Participa\u00e7\u00e3o para todos os candidatos<\/b><\/p>\n<p>a) Categoria Mirim: de 6 a 11 anos<\/p>\n<p>b) Categoria infantil: de 12 a 14 anos<\/p>\n<p>c) Categoria juvenil: 15 anos acima<\/p>\n<p>d) Categoria gospel: n\u00e3o haver\u00e1 crit\u00e9rio de idade, desde que seja aluno das redes estadual ou municipal devidamente matriculado e frequente)<\/p>\n<p>Inscri\u00e7\u00f5es a partir de que idade?<\/p>\n<p>A partir de 6 anos (somente para alunos das redes estadual e municipal devidamente matriculados e frequentes)<\/p>\n<p>Contato para as inscri\u00e7\u00f5es?<\/p>\n<p>Email: femuk.festival@gmail.com<\/p>\n<p>Telefone de contato: (67) 99946-4478 ou (67) 3248-1142<\/p>\n<p>Ser\u00e1 disponibilizada ficha de inscri\u00e7\u00e3o com respons\u00e1veis em cada escola.<\/p>\n<p>REALIZA\u00c7\u00c3O:<\/p>\n<p>ESCOLA ESTADUAL VEREADOR KENDI NAKAI em parceria com Associa\u00e7\u00e3o de Pais e Mestres &#8211; APM<\/p>\n<p>APOIO:<\/p>\n<ul>\n<li>C\u00e2mara Municipal de Vereadores<\/li>\n<li>Funda\u00e7\u00e3o de Cultura de Mato Grosso do Sul<\/li>\n<li>Prefeitura de Para\u00edso das \u00c1guas &#8211; Daqui Pra Melhor<\/li>\n<\/ul>\n<p><img decoding=\"async\" src=\"https:\/\/www.bncnoticias.com.br\/arquivos\/noticias\/16663\/femuk-2023-estudantes-de-paraiso-das-aguas-poderao-se-inscrever-no-festival-de-musica-a-partir-desta-5-ordf-feira-dia-19-r-3-600-em-premios.jpg\" alt=\"|FEMUK 2023|Estudantes de Para\u00edso das \u00c1guas poder\u00e3o se inscrever no Festival de M\u00fasica a partir desta 5\u00aa feira, dia 19; R$ 3.600 em pr\u00eamios\" \/><\/p>\n<p>*BNC Not\u00edcias<\/p>\n","protected":false},"excerpt":{"rendered":"<p>As inscri\u00e7\u00f5es para o\u00a0 Festival Escolar de M\u00fasica Kendi Nakai &#8211; FEMUK &#8211; um dos maiores festivais da cidade, que no passado movimentavam os artistas locais, est\u00e1 de volta em novo formato e com as incri\u00e7\u00f5es que v\u00e3o do dia 19\/10 \u00e0 01\/11.\u00a0 Com uma premia\u00e7\u00e3o total de R$3,6 mil. A participa\u00e7\u00e3o \u00e9 exclusiva para [&hellip;]<\/p>\n","protected":false},"author":5,"featured_media":254692,"comment_status":"closed","ping_status":"closed","sticky":false,"template":"","format":"standard","meta":{"footnotes":""},"categories":[36],"tags":[],"class_list":["post-254691","post","type-post","status-publish","format-standard","has-post-thumbnail","hentry","category-paraiso-das-aguas"],"_links":{"self":[{"href":"https:\/\/www.ocorreionews.com.br\/acervo-correio\/index.php?rest_route=\/wp\/v2\/posts\/254691","targetHints":{"allow":["GET"]}}],"collection":[{"href":"https:\/\/www.ocorreionews.com.br\/acervo-correio\/index.php?rest_route=\/wp\/v2\/posts"}],"about":[{"href":"https:\/\/www.ocorreionews.com.br\/acervo-correio\/index.php?rest_route=\/wp\/v2\/types\/post"}],"author":[{"embeddable":true,"href":"https:\/\/www.ocorreionews.com.br\/acervo-correio\/index.php?rest_route=\/wp\/v2\/users\/5"}],"replies":[{"embeddable":true,"href":"https:\/\/www.ocorreionews.com.br\/acervo-correio\/index.php?rest_route=%2Fwp%2Fv2%2Fcomments&post=254691"}],"version-history":[{"count":2,"href":"https:\/\/www.ocorreionews.com.br\/acervo-correio\/index.php?rest_route=\/wp\/v2\/posts\/254691\/revisions"}],"predecessor-version":[{"id":254694,"href":"https:\/\/www.ocorreionews.com.br\/acervo-correio\/index.php?rest_route=\/wp\/v2\/posts\/254691\/revisions\/254694"}],"wp:featuredmedia":[{"embeddable":true,"href":"https:\/\/www.ocorreionews.com.br\/acervo-correio\/index.php?rest_route=\/wp\/v2\/media\/254692"}],"wp:attachment":[{"href":"https:\/\/www.ocorreionews.com.br\/acervo-correio\/index.php?rest_route=%2Fwp%2Fv2%2Fmedia&parent=254691"}],"wp:term":[{"taxonomy":"category","embeddable":true,"href":"https:\/\/www.ocorreionews.com.br\/acervo-correio\/index.php?rest_route=%2Fwp%2Fv2%2Fcategories&post=254691"},{"taxonomy":"post_tag","embeddable":true,"href":"https:\/\/www.ocorreionews.com.br\/acervo-correio\/index.php?rest_route=%2Fwp%2Fv2%2Ftags&post=254691"}],"curies":[{"name":"wp","href":"https:\/\/api.w.org\/{rel}","templated":true}]}}