{"id":254702,"date":"2023-10-20T13:58:35","date_gmt":"2023-10-20T17:58:35","guid":{"rendered":"https:\/\/www.ocorreionews.com.br\/acervo-correio\/?p=254702"},"modified":"2023-10-20T13:58:35","modified_gmt":"2023-10-20T17:58:35","slug":"amplavisao-os-efeitos-da-inteligencia-artificial-nas-eleicoes","status":"publish","type":"post","link":"https:\/\/www.ocorreionews.com.br\/acervo-correio\/?p=254702","title":{"rendered":"Amplavis\u00e3o -Os efeitos da intelig\u00eancia artificial nas elei\u00e7\u00f5es"},"content":{"rendered":"<p><strong><u>FEBRE:<\/u><\/strong> Antes, quem formava a opini\u00e3o p\u00fablica eram consagrados nomes da filosofia e do conhecimento em geral. Com a internet, gente despreparada para acrescentar algo \u00a0ousa produzir \u2018conte\u00fados\u2019 vazios sob temas irrelevantes. De nada adiantam os smartphones, trip\u00e9s e filtros se os tais \u2018 influenciadores\u2019 n\u00e3o tem o <strong>\u2018principal\u2019<\/strong>.<\/p>\n<p><strong><u>COMPARTILHA:<\/u><\/strong> \u00c9 a senha para promover um produto ou um \u2018look\u2019 para exibir. Fruto da democratiza\u00e7\u00e3o da internet que esculhamba nossos valores \u00a0tentando colocar\u00a0 certos personagens \u00a0ao lado de gente que realmente molda o pensamento e a cultura. Mas pressinto que ainda n\u00e3o chegamos ao fundo do po\u00e7o. <strong>Quem viver ver\u00e1!<\/strong><\/p>\n<p><strong><u>BELEZA!<\/u><\/strong> Os 20.146 professores efetivos ganharam aumento salarial de 14,95% valido desde outubro. S\u00f3 foi poss\u00edvel porque as finan\u00e7as do MS est\u00e3o sadias e houve empenho dos deputados em viabilizar o sonho da classe. O ganho inicial do concursado passa para R$5.967,73 e aos que trabalham 40 horas semanais ser\u00e1 de R$ 11.935,46. \u00a0\u00c9 o maior sal\u00e1rio da classe no pa\u00eds.<\/p>\n<p><strong><u>EM TEMPO:\u00a0<\/u><\/strong> O deputado Roberto Hashioka ( Uni\u00e3o Brasil) observou\u00a0 que h\u00e1 13 mil professores convocados tamb\u00e9m merecedores de a\u00e7\u00e3o reparadora (via concurso p\u00fablico) para efetiva\u00e7\u00e3o e outras medidas para equacionar a defasagem.\u00a0 Lembra que o sal\u00e1rio aprovado \u00e9 de R$ 6.346,00 para a mesma fun\u00e7\u00e3o dos efetivados. Uma nomenclatura que penaliza esses trabalhadores.<\/p>\n<p><strong><u>OPINI\u00c3O:<\/u><\/strong> \u00a0Entre o discurso de campanha e a postura parlamentar o deputado Rodolfo Nogueira (PL) \u2013 seria o mais transparente (ou coerente) em temas como aborto, drogas e casamento gay. A opini\u00e3o \u00e9 de conceituado pastor da \u2018Grande Dourados\u2019, que n\u00e3o estendeu os elogios ao deputado Luiz Ovando (PL), outro evang\u00e9lico eleito com id\u00eantico discurso.<\/p>\n<p><strong><u>TIROS &amp; BOMBAS:<\/u><\/strong> N\u00e3o h\u00e1 como fazer ju\u00edzo de valores no conflito entre palestinos e judeus (\u00e1guas da mesma fonte) cultivando o \u00f3dio por quest\u00f5es territoriais e religiosas. As not\u00edcias, tendenciosas e contradit\u00f3rias dividem a opini\u00e3o p\u00fablica.\u00a0 A insensatez presente nesta luta, sem data para acabar. <strong>A paz \u00e9 a tr\u00e9gua para uma nova guerra.<\/strong><\/p>\n<p><strong><u>RESUMO:<\/u><\/strong> O in\u00edcio se deu com Ismael e Isaac. Tor\u00e1, livro judaico, Velho Testamento para os judeus, aponta Isaac (filho de Abra\u00e3o e Sara) como antepassado de judeus. O Alcor\u00e3o, remonta a genealogia dos \u00e1rabes at\u00e9 Ismael, o primog\u00eanito de Abra\u00e3o com Agar.\u00a0 \u00c1rabes e judeus n\u00e3o s\u00e3o apenas primos. <strong>Pela ci\u00eancia s\u00e3o irm\u00e3os gen\u00e9ticos.<\/strong><\/p>\n<p><strong><u>BARRIGA CHEIA:<\/u><\/strong> \u00a0Legal e imoral. Congressistas exageram nas despesas em suas \u00a0comilan\u00e7as. O astronauta senador Marcos Pontes (PL) por exemplo torrou R$1.950,24 s\u00f3 num almo\u00e7o. No antigo twitter postaram: \u2018O Senador vive no mundo da lua \u201c \u2013 \u201cpassando a bacalhau e os cofres p\u00fablicos v\u00e3o para o espa\u00e7o\u201d.\u00a0 \u00a0<strong>Aqui n\u00e3o \u00e9 a Dinamarca.<\/strong><\/p>\n<p><strong><u>PERIGOSA: <\/u><\/strong>O Brasil n\u00e3o ficar\u00e1 imune aos efeitos do uso da \u2018Intelig\u00eancia Artificial\u2019 nas campanhas eleitorais. Com ela \u00e9 poss\u00edvel identificar determinados grupos de eleitores, suas tend\u00eancias e personalizar mensagens (em tempo real) ap\u00f3s an\u00e1lise de dados com exatid\u00e3o. Ser\u00e1 poss\u00edvel saber quem \u00e9 quem de forma mais avan\u00e7ada do que as atuais pesquisas eleitorais.<\/p>\n<p><strong><u>RISCOS:<\/u><\/strong> Sem uma regulamenta\u00e7\u00e3o sobre a mat\u00e9ria h\u00e1 riscos sobre a privacidade do eleitor, pois seus dados pessoais s\u00e3o coletados sem que ele saiba. Claro, quem tiver mais recursos para usar a intelig\u00eancia artificial levar\u00e1 vantagem, desequilibrando a disputa por ter acesso ao dossi\u00ea da vida do eleitor e at\u00e9 manipulando seus dados. <strong>Esse \u00e9 xis da quest\u00e3o<\/strong>.<\/p>\n<p><strong><u>ESTRANHO:<\/u><\/strong> Preocupa o sil\u00eancio dos congressistas e do TSE sobre a mat\u00e9ria. S\u00e3o esparsas as publica\u00e7\u00f5es sobre o uso da intelig\u00eancia artificial nas elei\u00e7\u00f5es. Tamb\u00e9m n\u00e3o tem havido manifesta\u00e7\u00f5es fomentando o debate e recolhendo subs\u00eddios para adotar uma legisla\u00e7\u00e3o que assegure transpar\u00eancia e igualdade de condi\u00e7\u00f5es a todos os candidatos.<\/p>\n<p><strong><u>COMPARANDO:<\/u><\/strong> Hoje a internet permite que um produto seja oferecido ao cliente\u00a0\u00a0 cujo perfil j\u00e1 foi devidamente detectado por v\u00e1rios meios. Por analogia, com aperfei\u00e7oamento progressivo do sistema, o eleitor est\u00e1 na al\u00e7a de mira deste ou daquele candidato, sem saber que nada foi por acaso. Um patinho na <strong>armadilha digital<\/strong>.<\/p>\n<p><strong><u>DE NOVO?\u00a0<\/u><\/strong> \u00a0As elei\u00e7\u00f5es na capital prometem fortes emo\u00e7\u00f5es. Circula nas redes sociais um v\u00eddeo confer\u00eancia onde o ex-presidente Bolsonaro promete convidar o capit\u00e3o Contar para ser o candidato do grupo contra a esquerda e n\u00e3o faz refer\u00eancia a prefeita Adriane Lopes, apoiada pela senadora Tereza Cristina.<\/p>\n<p><strong><u>IDEOLOGIA:<\/u><\/strong> \u00a0Ser\u00e1 que ela ter\u00e1 import\u00e2ncia decisiva no pleito de 2024? \u00a0O cen\u00e1rio n\u00e3o seria pr\u00f3prio para se discutir projetos administrativos e demonstrar capacidade gerencial? At\u00e9 onde a figura de Bolsonaro ter\u00e1 a for\u00e7a para influenciar e agregar v\u00e1rias lideran\u00e7as da direita que nem falam a mesma l\u00edngua? Bolsonaro conhece mesmo nossa realidade pol\u00edtica?<\/p>\n<p><strong><u>VALIDADE;<\/u><\/strong>. A quest\u00e3o de ideologia cai por terra quando se faz a compara\u00e7\u00e3o entre os perfis dos candidatos ao executivo municipal de uma cidade notoriamente conservadora.\u00a0 Essa refer\u00eancia serve ao capit\u00e3o Contar e \u00e0 deputada Camila Jara (PT). \u00c9 hora de se questionar: Ambos suportariam um \u2018cara a cara\u2019 com a imprensa descomprometida?<\/p>\n<p><strong><u>FRANCAMENTE:<\/u><\/strong> Quando a gente imaginava que alguns donos de partidos j\u00e1 tinham desistido, indo para casa cuidar de filhos, netos e neg\u00f3cios eles reaparecem nos hil\u00e1rios segundos do hor\u00e1rio partid\u00e1rio. S\u00e3o 2 os motivos: massagear o ego e a tentativa de\u00a0 levar vantagem num acordo com \u00a0nomea\u00e7\u00f5es para cargos no futuro governo.<\/p>\n<p><strong><u>BOA VIS\u00c3O:<\/u><\/strong> Para o ex-deputado Valter Carneiro que conviveu com v\u00e1rios governos, Eduardo Riedel (PSDB) demonstra rara habilidade at\u00e9 aqui. Valter elogia a postura e vis\u00e3o do governador ao modernizar a m\u00e1quina administrativa sem esquecer o exerc\u00edcio da pol\u00edtica; mant\u00e9m sua posi\u00e7\u00e3o sem radicalismo e abre espa\u00e7o para novos aliados.<\/p>\n<p><strong><u>OPINI\u00d5ES:\u00a0<\/u><\/strong> A boa fase do Mato Grosso do Sul motiva coment\u00e1rios. Alguns falam que Riedel est\u00e1 sendo bafejado pela sorte, outros lembram que houve a prepara\u00e7\u00e3o de tudo por parte de Reinaldo Azambuja. Mas h\u00e1 quem destaca a participa\u00e7\u00e3o efetiva de Riedel na gest\u00e3o de seu antecessor. Portanto teria m\u00e9ritos por ajudar no plantio do que hoje est\u00e1 colhendo.<\/p>\n","protected":false},"excerpt":{"rendered":"<p>FEBRE: Antes, quem formava a opini\u00e3o p\u00fablica eram consagrados nomes da filosofia e do conhecimento em geral. Com a internet, gente despreparada para acrescentar algo \u00a0ousa produzir \u2018conte\u00fados\u2019 vazios sob temas irrelevantes. De nada adiantam os smartphones, trip\u00e9s e filtros se os tais \u2018 influenciadores\u2019 n\u00e3o tem o \u2018principal\u2019. COMPARTILHA: \u00c9 a senha para promover [&hellip;]<\/p>\n","protected":false},"author":5,"featured_media":57644,"comment_status":"closed","ping_status":"closed","sticky":false,"template":"","format":"standard","meta":{"footnotes":""},"categories":[37],"tags":[],"class_list":["post-254702","post","type-post","status-publish","format-standard","has-post-thumbnail","hentry","category-politica"],"_links":{"self":[{"href":"https:\/\/www.ocorreionews.com.br\/acervo-correio\/index.php?rest_route=\/wp\/v2\/posts\/254702","targetHints":{"allow":["GET"]}}],"collection":[{"href":"https:\/\/www.ocorreionews.com.br\/acervo-correio\/index.php?rest_route=\/wp\/v2\/posts"}],"about":[{"href":"https:\/\/www.ocorreionews.com.br\/acervo-correio\/index.php?rest_route=\/wp\/v2\/types\/post"}],"author":[{"embeddable":true,"href":"https:\/\/www.ocorreionews.com.br\/acervo-correio\/index.php?rest_route=\/wp\/v2\/users\/5"}],"replies":[{"embeddable":true,"href":"https:\/\/www.ocorreionews.com.br\/acervo-correio\/index.php?rest_route=%2Fwp%2Fv2%2Fcomments&post=254702"}],"version-history":[{"count":1,"href":"https:\/\/www.ocorreionews.com.br\/acervo-correio\/index.php?rest_route=\/wp\/v2\/posts\/254702\/revisions"}],"predecessor-version":[{"id":254703,"href":"https:\/\/www.ocorreionews.com.br\/acervo-correio\/index.php?rest_route=\/wp\/v2\/posts\/254702\/revisions\/254703"}],"wp:featuredmedia":[{"embeddable":true,"href":"https:\/\/www.ocorreionews.com.br\/acervo-correio\/index.php?rest_route=\/wp\/v2\/media\/57644"}],"wp:attachment":[{"href":"https:\/\/www.ocorreionews.com.br\/acervo-correio\/index.php?rest_route=%2Fwp%2Fv2%2Fmedia&parent=254702"}],"wp:term":[{"taxonomy":"category","embeddable":true,"href":"https:\/\/www.ocorreionews.com.br\/acervo-correio\/index.php?rest_route=%2Fwp%2Fv2%2Fcategories&post=254702"},{"taxonomy":"post_tag","embeddable":true,"href":"https:\/\/www.ocorreionews.com.br\/acervo-correio\/index.php?rest_route=%2Fwp%2Fv2%2Ftags&post=254702"}],"curies":[{"name":"wp","href":"https:\/\/api.w.org\/{rel}","templated":true}]}}