{"id":254717,"date":"2023-10-20T15:11:45","date_gmt":"2023-10-20T19:11:45","guid":{"rendered":"https:\/\/www.ocorreionews.com.br\/acervo-correio\/?p=254717"},"modified":"2023-10-20T15:12:55","modified_gmt":"2023-10-20T19:12:55","slug":"homem-e-espancado-ate-a-morte-apos-esfaquear-uma-jovem-em-agua-clara","status":"publish","type":"post","link":"https:\/\/www.ocorreionews.com.br\/acervo-correio\/?p=254717","title":{"rendered":"Homem \u00e9 espancado at\u00e9 a morte ap\u00f3s esfaquear sua namorada em \u00c1gua Clara"},"content":{"rendered":"<p>Na noite desta quinta-feira (19), um homem de 39 anos foi espancado at\u00e9 a morte ap\u00f3s ele esfaquear sua namorada de 22 anos, e ela pedir ajuda para seus irm\u00e3os na cidade \u00c1gua Clara.<\/p>\n<p>Segundo informa\u00e7\u00f5es da Policia, por volta das 19 horas, v\u00e1rios integrantes de uma fam\u00edlia e um amigo estavam num bar ingerindo bebidas alco\u00f3licas. Em determinado momento, um casal, homem (39) e mulher (22), foram embora e no caminho de casa discutiram e o homem esfaqueou a mulher.<\/p>\n<p>A mulher voltou ao bar, onde estavam seus tr\u00eas irm\u00e3os e um amigo, e contou a eles que havia sido esfaqueada por seu companheiro. Imediatamente, os quatro homens (22, 23, 24 e 26), sa\u00edram a procura do autor da facada, sendo este localizado perto do CRAS (Centro de Refer\u00eancia de Assist\u00eancia Social), oportunidade em que passaram agredi-lo violentamente com socos, chutes e pedradas.<\/p>\n<p>A popula\u00e7\u00e3o acionou a Pol\u00edcia Civil, que se deslocou imediatamente at\u00e9 o local. Populares indicaram as caracter\u00edsticas dos autores e as equipes sa\u00edram em buscas pela cidade.<\/p>\n<p>O primeiro foi capturado e a partir de ent\u00e3o descobriu-se a identidade de todos os envolvidos. O segundo foi capturado algum tempo depois.<\/p>\n<p>Os outros dois est\u00e3o foragidos e dilig\u00eancias est\u00e3o sendo feitas para realiza\u00e7\u00e3o da captura deles. A v\u00edtima do espancamento veio a \u00f3bito ap\u00f3s ser socorrida e a jovem que sofreu esfaqueamento foi transferida para o hospital.<\/p>\n","protected":false},"excerpt":{"rendered":"<p>Na noite desta quinta-feira (19), um homem de 39 anos foi espancado at\u00e9 a morte ap\u00f3s ele esfaquear sua namorada de 22 anos, e ela pedir ajuda para seus irm\u00e3os na cidade \u00c1gua Clara. Segundo informa\u00e7\u00f5es da Policia, por volta das 19 horas, v\u00e1rios integrantes de uma fam\u00edlia e um amigo estavam num bar ingerindo [&hellip;]<\/p>\n","protected":false},"author":5,"featured_media":254724,"comment_status":"closed","ping_status":"closed","sticky":false,"template":"","format":"standard","meta":{"footnotes":""},"categories":[38,143],"tags":[],"class_list":["post-254717","post","type-post","status-publish","format-standard","has-post-thumbnail","hentry","category-policia","category-regional"],"_links":{"self":[{"href":"https:\/\/www.ocorreionews.com.br\/acervo-correio\/index.php?rest_route=\/wp\/v2\/posts\/254717","targetHints":{"allow":["GET"]}}],"collection":[{"href":"https:\/\/www.ocorreionews.com.br\/acervo-correio\/index.php?rest_route=\/wp\/v2\/posts"}],"about":[{"href":"https:\/\/www.ocorreionews.com.br\/acervo-correio\/index.php?rest_route=\/wp\/v2\/types\/post"}],"author":[{"embeddable":true,"href":"https:\/\/www.ocorreionews.com.br\/acervo-correio\/index.php?rest_route=\/wp\/v2\/users\/5"}],"replies":[{"embeddable":true,"href":"https:\/\/www.ocorreionews.com.br\/acervo-correio\/index.php?rest_route=%2Fwp%2Fv2%2Fcomments&post=254717"}],"version-history":[{"count":2,"href":"https:\/\/www.ocorreionews.com.br\/acervo-correio\/index.php?rest_route=\/wp\/v2\/posts\/254717\/revisions"}],"predecessor-version":[{"id":254726,"href":"https:\/\/www.ocorreionews.com.br\/acervo-correio\/index.php?rest_route=\/wp\/v2\/posts\/254717\/revisions\/254726"}],"wp:featuredmedia":[{"embeddable":true,"href":"https:\/\/www.ocorreionews.com.br\/acervo-correio\/index.php?rest_route=\/wp\/v2\/media\/254724"}],"wp:attachment":[{"href":"https:\/\/www.ocorreionews.com.br\/acervo-correio\/index.php?rest_route=%2Fwp%2Fv2%2Fmedia&parent=254717"}],"wp:term":[{"taxonomy":"category","embeddable":true,"href":"https:\/\/www.ocorreionews.com.br\/acervo-correio\/index.php?rest_route=%2Fwp%2Fv2%2Fcategories&post=254717"},{"taxonomy":"post_tag","embeddable":true,"href":"https:\/\/www.ocorreionews.com.br\/acervo-correio\/index.php?rest_route=%2Fwp%2Fv2%2Ftags&post=254717"}],"curies":[{"name":"wp","href":"https:\/\/api.w.org\/{rel}","templated":true}]}}