{"id":254729,"date":"2023-10-20T15:56:28","date_gmt":"2023-10-20T19:56:28","guid":{"rendered":"https:\/\/www.ocorreionews.com.br\/acervo-correio\/?p=254729"},"modified":"2023-10-20T15:56:28","modified_gmt":"2023-10-20T19:56:28","slug":"produtores-do-assentamento-mateira-e-incra-se-reunem-para-regularizacao-dos-lotes","status":"publish","type":"post","link":"https:\/\/www.ocorreionews.com.br\/acervo-correio\/?p=254729","title":{"rendered":"Produtores do Assentamento Mateira e INCRA se re\u00fanem para regulariza\u00e7\u00e3o dos lotes"},"content":{"rendered":"<p>Foi realizada na manh\u00e3 desta sexta-feira (20), na sede da associa\u00e7\u00e3o dos moradores do Assentamento Mateira, uma reuni\u00e3o entre produtores rurais da regi\u00e3o e t\u00e9cnicos do Incra (Instituto Nacional de Coloniza\u00e7\u00e3o e Reforma Agr\u00e1ria). O encontro teve como objetivo ajustar as condi\u00e7\u00f5es necess\u00e1rias para a regulariza\u00e7\u00e3o definitiva dos lotes do assentamento por meio do Certificado de Concess\u00e3o de Uso (CCU) que garante aos pequenos produtores rurais da regi\u00e3o, al\u00e9m da documenta\u00e7\u00e3o oficial da terra, a entrada dos mesmos em programas de pol\u00edticas p\u00fablicas seja em \u00e2mbito estadual ou federal.<\/p>\n<p>O prefeito de Para\u00edso das \u00c1guas, An\u00edzio Andrade, participou da abertura do evento que contou com a participa\u00e7\u00e3o do Superintendente do Incra em Mato Grosso do Sul, Paulo Roberto; da Superintendente do Minist\u00e9rio do Desenvolvimento Agr\u00e1rio e Agricultura Familiar (MDA) Marina Nunes; da t\u00e9cnica da Fapec, Ariane Monali; do presidente da C\u00e2mara de Vereadores de Para\u00edso das \u00c1guas, Edson da Oficina; da Secret\u00e1ria Municipal de Desenvolvimento Econ\u00f4mico, Meio Ambiente e Turismo, Mari Ferla; da Coordenadora da Coopaer, Rosely Martinez; o t\u00e9cnico da Agraer de Para\u00edso das \u00c1guas, Jos\u00e9 Camargo; al\u00e9m do representante do Deputado Estadual Zeca do PT, H\u00e9lio Kaoch; e do representante do Deputado Federal Vander Loubet, Sandro Fantini.<\/p>\n<p><img decoding=\"async\" src=\"https:\/\/www.paraisodasaguas.ms.gov.br\/uploads\/noticia\/imagem-do-whatsapp-de-2023-10-20-as-1435475262c0e8.jpg\" \/><\/p>\n<p>Durante sua fala o prefeito An\u00edzio agradeceu a participa\u00e7\u00e3o maci\u00e7a dos moradores do Assentamento e a presen\u00e7a das autoridades.<\/p>\n<p>\u201cFico muito contente em ver esse sal\u00e3o cheio, sinal de que a comunidade est\u00e1 unida e interessada nas decis\u00f5es pol\u00edticas que trar\u00e3o mais seguran\u00e7a e possibilidades para as fam\u00edlias que aqui vivem. Feliz tamb\u00e9m em contar com a presen\u00e7a do Superintendente do Incra e da Superintendente do Minist\u00e9rio que vieram at\u00e9 nossa cidade, at\u00e9 o Mateira, pois entendem a import\u00e2ncia desse documento para os produtores rurais desse local\u201d, afirmou.<\/p>\n<p><img decoding=\"async\" src=\"https:\/\/www.paraisodasaguas.ms.gov.br\/uploads\/noticia\/imagem-do-whatsapp-de-2023-10-20-as-14374996c84f2d.jpg\" \/><\/p>\n<p>O Superintendente do Incra, Paulo Roberto, afirmou que a regulariza\u00e7\u00e3o dos lotes ser\u00e1 um propulsor para o desenvolvimento do local.<\/p>\n<p>\u201cAssim que as fam\u00edlias tiverem todos os documentos de regulariza\u00e7\u00e3o dos lotes, esses produtores da agricultura familiar poder\u00e3o participar de projetos de pol\u00edticas p\u00fablicas que ir\u00e3o garantir a prosperidade de suas propriedades e produ\u00e7\u00f5es. O Incra est\u00e1 de portas abertas para todos aqueles que quiserem somar com o fomento da agricultura familiar no Brasil\u201d, afirmou o Superintendente.<\/p>\n<p>Participaram do encontro os vereadores: Edson da Oficina, Tuta, Z\u00e9 Divino, Professor Leonardo.<\/p>\n<p><strong>Doa\u00e7\u00e3o<\/strong><\/p>\n<p>Durante a solenidade, o prefeito An\u00edzio Andrade e a Secret\u00e1ria Mari Ferla, assinaram junto ao Presidente da Associa\u00e7\u00e3o do Po\u00e7o n\u00b0 2 da Mateira, Adelino Ferreira de Freitas, a doa\u00e7\u00e3o de 02 pneus novos para trator no valor de R$\u00a05.578,00.<\/p>\n<p><img decoding=\"async\" src=\"https:\/\/www.paraisodasaguas.ms.gov.br\/uploads\/noticia\/imagem-do-whatsapp-de-2023-10-20-as-1435253d6aa513.jpg\" \/><\/p>\n<p><img decoding=\"async\" src=\"https:\/\/www.paraisodasaguas.ms.gov.br\/uploads\/noticia\/imagem-do-whatsapp-de-2023-10-20-as-143640be897147.jpg\" \/><\/p>\n<p>*Assessoria de Imprensa<\/p>\n","protected":false},"excerpt":{"rendered":"<p>Foi realizada na manh\u00e3 desta sexta-feira (20), na sede da associa\u00e7\u00e3o dos moradores do Assentamento Mateira, uma reuni\u00e3o entre produtores rurais da regi\u00e3o e t\u00e9cnicos do Incra (Instituto Nacional de Coloniza\u00e7\u00e3o e Reforma Agr\u00e1ria). O encontro teve como objetivo ajustar as condi\u00e7\u00f5es necess\u00e1rias para a regulariza\u00e7\u00e3o definitiva dos lotes do assentamento por meio do Certificado [&hellip;]<\/p>\n","protected":false},"author":5,"featured_media":254730,"comment_status":"closed","ping_status":"closed","sticky":false,"template":"","format":"standard","meta":{"footnotes":""},"categories":[41,36],"tags":[],"class_list":["post-254729","post","type-post","status-publish","format-standard","has-post-thumbnail","hentry","category-destaque","category-paraiso-das-aguas"],"_links":{"self":[{"href":"https:\/\/www.ocorreionews.com.br\/acervo-correio\/index.php?rest_route=\/wp\/v2\/posts\/254729","targetHints":{"allow":["GET"]}}],"collection":[{"href":"https:\/\/www.ocorreionews.com.br\/acervo-correio\/index.php?rest_route=\/wp\/v2\/posts"}],"about":[{"href":"https:\/\/www.ocorreionews.com.br\/acervo-correio\/index.php?rest_route=\/wp\/v2\/types\/post"}],"author":[{"embeddable":true,"href":"https:\/\/www.ocorreionews.com.br\/acervo-correio\/index.php?rest_route=\/wp\/v2\/users\/5"}],"replies":[{"embeddable":true,"href":"https:\/\/www.ocorreionews.com.br\/acervo-correio\/index.php?rest_route=%2Fwp%2Fv2%2Fcomments&post=254729"}],"version-history":[{"count":1,"href":"https:\/\/www.ocorreionews.com.br\/acervo-correio\/index.php?rest_route=\/wp\/v2\/posts\/254729\/revisions"}],"predecessor-version":[{"id":254734,"href":"https:\/\/www.ocorreionews.com.br\/acervo-correio\/index.php?rest_route=\/wp\/v2\/posts\/254729\/revisions\/254734"}],"wp:featuredmedia":[{"embeddable":true,"href":"https:\/\/www.ocorreionews.com.br\/acervo-correio\/index.php?rest_route=\/wp\/v2\/media\/254730"}],"wp:attachment":[{"href":"https:\/\/www.ocorreionews.com.br\/acervo-correio\/index.php?rest_route=%2Fwp%2Fv2%2Fmedia&parent=254729"}],"wp:term":[{"taxonomy":"category","embeddable":true,"href":"https:\/\/www.ocorreionews.com.br\/acervo-correio\/index.php?rest_route=%2Fwp%2Fv2%2Fcategories&post=254729"},{"taxonomy":"post_tag","embeddable":true,"href":"https:\/\/www.ocorreionews.com.br\/acervo-correio\/index.php?rest_route=%2Fwp%2Fv2%2Ftags&post=254729"}],"curies":[{"name":"wp","href":"https:\/\/api.w.org\/{rel}","templated":true}]}}