{"id":254759,"date":"2023-10-21T08:54:27","date_gmt":"2023-10-21T12:54:27","guid":{"rendered":"https:\/\/www.ocorreionews.com.br\/acervo-correio\/?p=254759"},"modified":"2023-10-21T08:54:27","modified_gmt":"2023-10-21T12:54:27","slug":"japao-confirma-fim-do-embargo-a-carne-de-aves-de-ms","status":"publish","type":"post","link":"https:\/\/www.ocorreionews.com.br\/acervo-correio\/?p=254759","title":{"rendered":"Jap\u00e3o confirma fim do embargo \u00e0 carne de aves de MS"},"content":{"rendered":"<p>O Jap\u00e3o anunciou oficialmente hoje (20) o fim do embargo \u00e0s importa\u00e7\u00f5es de frangos e ovos produzidos em Mato Grosso do Sul, depois do prazo de 28 dias impostos por conta de foco de gripe avi\u00e1ria na cria\u00e7\u00e3o dom\u00e9stica de propriedade rural em Bonito. No per\u00edodo da suspens\u00e3o, o governo estadual informou que as exporta\u00e7\u00f5es n\u00e3o foram prejudicadas, j\u00e1 que foram realocadas para outros mercados.<\/p>\n<p>De acordo com as normas sanit\u00e1rias japonesas, se nenhuma irregularidade fosse encontrada em at\u00e9 28 dias de an\u00e1lise, o embargo seria suspenso.<\/p>\n<p>O titular da Semadesc (Secretaria de Meio Ambiente, Desenvolvimento, Ci\u00eancia, Tecnologia e Inova\u00e7\u00e3o), Jaime Verruck, disse que todas as medidas sanit\u00e1rias foram tomadas \u00e0 \u00e9poca que o foco foi descoberto, em setembro. \u201cIagro [Ag\u00eancia Estadual de Defesa Sanit\u00e1ria Animal e Vegetal do MS] tomou todas as medidas, mas, mesmo assim, o Jap\u00e3o, como j\u00e1 tinha feito em Santa Catarina, suspendeu as importa\u00e7\u00f5es\u201d.<\/p>\n<p>Verruck explicou que, ap\u00f3s o encerramento do foco e a devida comunica\u00e7\u00e3o das autoridades sanit\u00e1rias mundiais, o governo estadual teve a informa\u00e7\u00e3o da suspens\u00e3o do embargo. \u201c\u00c9 o segundo maior mercado depois da China, ent\u00e3o caso tivesse continuidade, poderia haver impacto na avicultura do nosso Estado. Mas isso n\u00e3o chegou a ocorrer, porque durante esse per\u00edodo, essa produ\u00e7\u00e3o sul-mato-grossense foi realocada para outros mercados\u201d. At\u00e9 agosto de 2023, o mercado japon\u00eas representou 19% do total das importa\u00e7\u00f5es de carne de frango produzidas em Mato Grosso do Sul.<\/p>\n<p>O secret\u00e1rio comentou que a gripe avi\u00e1ria est\u00e1 presente na economia brasileira, com detec\u00e7\u00e3o de 103 casos, por\u00e9m, nenhum em rebanho comercial.<\/p>\n<p>De acordo com o Mapa (Minist\u00e9rio da Agricultura e Pecu\u00e1ria), Mato Grosso do Sul abateu 173 milh\u00f5es de aves e exportou 161,5 mil toneladas do produto em 2022, com receita de R$ 345 milh\u00f5es de d\u00f3lares. O n\u00famero de animais movimentados para abate nos cinco primeiros meses de 2023 foi de 73 milh\u00f5es de aves.<\/p>\n<p>A avicultura de Mato Grosso do Sul respondeu por 3,77% da receita brasileira com exporta\u00e7\u00f5es (US$ 4,1 bilh\u00f5es) de carne de frango e ocupou o 7\u00ba lugar no ranking nacional nos primeiros cinco meses deste ano, aumento de 3,84% em rela\u00e7\u00e3o ao mesmo per\u00edodo do ano anterior.<\/p>\n<p>Foco &#8211; A presen\u00e7a do v\u00edrus da IAAP &#8211; H5N1 (Influenza Avi\u00e1ria de Alta Patogenicidade) havia sido confirmada pelo Mapa (Minist\u00e9rio da Agricultura e Pecu\u00e1ria) no dia 18 de setembro. Foi o primeiro foco da doen\u00e7a registrado em Mato Grosso do Sul e o terceiro em aves de subsist\u00eancia em todo o Brasil. Com a confirma\u00e7\u00e3o, o total de focos de influenza avi\u00e1ria confirmados no Brasil sobe para 103, sendo 100 em aves silvestres e 3 de aves de subsist\u00eancia.<\/p>\n<p>A ocorr\u00eancia do foco confirmado de influenza avi\u00e1ria em aves de subsist\u00eancia n\u00e3o traz restri\u00e7\u00f5es ao com\u00e9rcio internacional de produtos av\u00edcolas brasileiros, e o consumo e a exporta\u00e7\u00e3o de produtos av\u00edcolas permanecem seguros.<\/p>\n<p>&nbsp;<\/p>\n<p>Por Silvia Frias &#8211; Campo Grande News<\/p>\n","protected":false},"excerpt":{"rendered":"<p>O Jap\u00e3o anunciou oficialmente hoje (20) o fim do embargo \u00e0s importa\u00e7\u00f5es de frangos e ovos produzidos em Mato Grosso do Sul, depois do prazo de 28 dias impostos por conta de foco de gripe avi\u00e1ria na cria\u00e7\u00e3o dom\u00e9stica de propriedade rural em Bonito. No per\u00edodo da suspens\u00e3o, o governo estadual informou que as exporta\u00e7\u00f5es [&hellip;]<\/p>\n","protected":false},"author":5,"featured_media":130219,"comment_status":"closed","ping_status":"closed","sticky":false,"template":"","format":"standard","meta":{"footnotes":""},"categories":[17],"tags":[],"class_list":["post-254759","post","type-post","status-publish","format-standard","has-post-thumbnail","hentry","category-agropecuaria"],"_links":{"self":[{"href":"https:\/\/www.ocorreionews.com.br\/acervo-correio\/index.php?rest_route=\/wp\/v2\/posts\/254759","targetHints":{"allow":["GET"]}}],"collection":[{"href":"https:\/\/www.ocorreionews.com.br\/acervo-correio\/index.php?rest_route=\/wp\/v2\/posts"}],"about":[{"href":"https:\/\/www.ocorreionews.com.br\/acervo-correio\/index.php?rest_route=\/wp\/v2\/types\/post"}],"author":[{"embeddable":true,"href":"https:\/\/www.ocorreionews.com.br\/acervo-correio\/index.php?rest_route=\/wp\/v2\/users\/5"}],"replies":[{"embeddable":true,"href":"https:\/\/www.ocorreionews.com.br\/acervo-correio\/index.php?rest_route=%2Fwp%2Fv2%2Fcomments&post=254759"}],"version-history":[{"count":1,"href":"https:\/\/www.ocorreionews.com.br\/acervo-correio\/index.php?rest_route=\/wp\/v2\/posts\/254759\/revisions"}],"predecessor-version":[{"id":254762,"href":"https:\/\/www.ocorreionews.com.br\/acervo-correio\/index.php?rest_route=\/wp\/v2\/posts\/254759\/revisions\/254762"}],"wp:featuredmedia":[{"embeddable":true,"href":"https:\/\/www.ocorreionews.com.br\/acervo-correio\/index.php?rest_route=\/wp\/v2\/media\/130219"}],"wp:attachment":[{"href":"https:\/\/www.ocorreionews.com.br\/acervo-correio\/index.php?rest_route=%2Fwp%2Fv2%2Fmedia&parent=254759"}],"wp:term":[{"taxonomy":"category","embeddable":true,"href":"https:\/\/www.ocorreionews.com.br\/acervo-correio\/index.php?rest_route=%2Fwp%2Fv2%2Fcategories&post=254759"},{"taxonomy":"post_tag","embeddable":true,"href":"https:\/\/www.ocorreionews.com.br\/acervo-correio\/index.php?rest_route=%2Fwp%2Fv2%2Ftags&post=254759"}],"curies":[{"name":"wp","href":"https:\/\/api.w.org\/{rel}","templated":true}]}}