{"id":254766,"date":"2023-10-21T09:09:54","date_gmt":"2023-10-21T13:09:54","guid":{"rendered":"https:\/\/www.ocorreionews.com.br\/acervo-correio\/?p=254766"},"modified":"2023-10-21T09:09:54","modified_gmt":"2023-10-21T13:09:54","slug":"suspeito-de-torturar-adolescente-chamou-pedreiro-para-soltar-vitima","status":"publish","type":"post","link":"https:\/\/www.ocorreionews.com.br\/acervo-correio\/?p=254766","title":{"rendered":"Suspeito de torturar adolescente chamou pedreiro para soltar v\u00edtima"},"content":{"rendered":"<p>Preso por<a href=\"https:\/\/www.ocorreionews.com.br\/acervo-correio\/torturada-queimada-e-cortada-adolescente-era-mantida-sob-carcere-em-ms\/\"> suspeita de torturar e queimar a namorada adolescente de 17 anos<\/a>, Samuel Go\u00e9s dos Santos, 27 anos, foi quem chamou ajuda para socorrer a menina que estava presa em uma quitinete no Bairro Moreninhas, em Campo Grande. O caso foi descoberto na tarde de ter\u00e7a-feira (17), quando a v\u00edtima foi resgatada.<\/p>\n<p>Durante coletiva de imprensa na manh\u00e3 desta sexta-feira (20), a delegada Analu Ferraz, respons\u00e1vel pelo caso, contou que a PM (Pol\u00edcia Militar) chegou at\u00e9 a v\u00edtima ap\u00f3s o suspeito pedir para que o pedreiro, que trabalhava em uma obra perto, abrisse a quitinete porque a menina estava presa.<\/p>\n<p>O dono do local ent\u00e3o recebeu liga\u00e7\u00e3o por volta das 12h daquele dia e foi informado que a adolescente estava para fora da quitinete, mas vagando pelo condom\u00ednio. Ele ent\u00e3o acionou os militares que resgataram a v\u00edtima e a levaram para atendimento m\u00e9dico em uma unidade de sa\u00fade.<\/p>\n<p>\u201cN\u00e3o sabemos se algu\u00e9m abriu para ela ou ela conseguiu sair sozinha. Estamos trabalhando para entender essas din\u00e2micas. A defesa ficou de apresentar os laudos psiqui\u00e1tricos, mas sobre a insanidade mental ou se ele estava sob efeito de psicotr\u00f3picos no momento do crime, por\u00e9m isso \u00e9 importante no curso penal, para mim hoje n\u00e3o tem diferen\u00e7a\u201d, explicou Analu.<\/p>\n<p>Segundo a delegada, o propriet\u00e1rio afirmou em depoimento que havia alugado a quitinete para Samuel h\u00e1 tr\u00eas dias, mas a v\u00edtima ia ao local esporadicamente. Os vizinhos afirmaram que n\u00e3o ouviram nenhuma briga durante o per\u00edodo em que ela estava presa no local.<\/p>\n<figure style=\"width: 607px\" class=\"wp-caption aligncenter\"><img loading=\"lazy\" decoding=\"async\" class=\"img-fluid\" src=\"https:\/\/cdn6.campograndenews.com.br\/uploads\/noticias\/2023\/10\/20\/2vv4z9ab79c00.jpeg\" sizes=\"auto, (min-width: 1024px) calc(.5 * (100vw - 21.875em)), 100vw\" srcset=\"https:\/\/cdn6.campograndenews.com.br\/uploads\/noticias\/2023\/10\/20\/9btq7qnvfnik.jpeg 1024w, https:\/\/cdn6.campograndenews.com.br\/uploads\/noticias\/2023\/10\/20\/2isoun2zenacw.jpeg 640w, https:\/\/cdn6.campograndenews.com.br\/uploads\/noticias\/2023\/10\/20\/2vv4z9ab79c00.jpeg 320w\" alt=\"Manchas de sangue na quitinete onde v\u00edtima foi mantida presa (Foto: Direto das Ruas)\" width=\"607\" height=\"455\" \/><figcaption class=\"wp-caption-text\">Manchas de sangue na quitinete onde v\u00edtima foi mantida presa (Foto: Direto das Ruas)<\/figcaption><\/figure>\n<p>&nbsp;<\/p>\n<p>\u201cEla ainda est\u00e1 se recuperando, mas vamos ouvi-la no hospital para entender a din\u00e2mica dos fatos. Ele estava com advogado e foi ouvido ontem pela manh\u00e3, mas optou por ficar em sil\u00eancio. Vamos aguardar o laudo e prontu\u00e1rio do atendimento dela, h\u00e1 muitas les\u00f5es, queimaduras, seios cortados, vagina dilacerada. Situa\u00e7\u00e3o muito grave\u201d, afirmou a delegada.<\/p>\n<p>A irm\u00e3 da v\u00edtima tamb\u00e9m prestou depoimento, \u00e0 delegada ela contou que o relacionamento de Samuel com a adolescente era complicado e j\u00e1 havia acontecido algumas agress\u00f5es antes do c\u00e1rcere. No entanto, ela acabou precisando de atendimento m\u00e9dico e precisou ser levada para hospital, por isso, deve ser ouvida novamente.<\/p>\n<p>\u201cEstamos trabalhando com a vizinhan\u00e7a para definir uma linha do tempo. Vamos continuar ouvindo familiares. Preciso encaixar algumas pe\u00e7as e para determinar como materializou esse c\u00e1rcere, h\u00e1 quanto tempo ela estava ali. Porque o inqu\u00e9rito precisa ser alicer\u00e7ado de provas para que ele responda por todos os crimes\u201d, pontuou a respons\u00e1vel pela investiga\u00e7\u00e3o.<\/p>\n<p>Samuel foi preso com mandado e encaminhado para o Centro de Triagem An\u00edsio Lima, em Campo Grande. Ele \u00e9 suspeito de tortura, c\u00e1rcere privado e tentativa de feminic\u00eddio. O caso segue sendo investigado.<\/p>\n<figure style=\"width: 602px\" class=\"wp-caption aligncenter\"><img loading=\"lazy\" decoding=\"async\" class=\"img-fluid\" src=\"https:\/\/cdn6.campograndenews.com.br\/uploads\/noticias\/2023\/10\/20\/2ft8r5i7k7wg0.jpg\" sizes=\"auto, (min-width: 1024px) calc(.5 * (100vw - 21.875em)), 100vw\" srcset=\"https:\/\/cdn6.campograndenews.com.br\/uploads\/noticias\/2023\/10\/20\/e6rbokxjbzi9.jpg 1024w, https:\/\/cdn6.campograndenews.com.br\/uploads\/noticias\/2023\/10\/20\/2ue02l960y4go.jpg 640w, https:\/\/cdn6.campograndenews.com.br\/uploads\/noticias\/2023\/10\/20\/2ft8r5i7k7wg0.jpg 320w\" alt=\"Samuel foi preso e defesa alega que ele \u00e9 dependente qu\u00edmico e sofre de esquizofrenia (Foto: Reprodu\u00e7\u00e3o | Redes sociais)\" width=\"602\" height=\"469\" \/><figcaption class=\"wp-caption-text\">Samuel foi preso e defesa alega que ele \u00e9 dependente qu\u00edmico e sofre de esquizofrenia (Foto: Reprodu\u00e7\u00e3o | Redes sociais)<\/figcaption><\/figure>\n<p>&nbsp;<\/p>\n<p>Por Ana Paula Chuva e Bruna Marques &#8211; Campo Grande News<\/p>\n","protected":false},"excerpt":{"rendered":"<p>Preso por suspeita de torturar e queimar a namorada adolescente de 17 anos, Samuel Go\u00e9s dos Santos, 27 anos, foi quem chamou ajuda para socorrer a menina que estava presa em uma quitinete no Bairro Moreninhas, em Campo Grande. O caso foi descoberto na tarde de ter\u00e7a-feira (17), quando a v\u00edtima foi resgatada. Durante coletiva [&hellip;]<\/p>\n","protected":false},"author":5,"featured_media":254768,"comment_status":"closed","ping_status":"closed","sticky":false,"template":"","format":"standard","meta":{"footnotes":""},"categories":[38],"tags":[],"class_list":["post-254766","post","type-post","status-publish","format-standard","has-post-thumbnail","hentry","category-policia"],"_links":{"self":[{"href":"https:\/\/www.ocorreionews.com.br\/acervo-correio\/index.php?rest_route=\/wp\/v2\/posts\/254766","targetHints":{"allow":["GET"]}}],"collection":[{"href":"https:\/\/www.ocorreionews.com.br\/acervo-correio\/index.php?rest_route=\/wp\/v2\/posts"}],"about":[{"href":"https:\/\/www.ocorreionews.com.br\/acervo-correio\/index.php?rest_route=\/wp\/v2\/types\/post"}],"author":[{"embeddable":true,"href":"https:\/\/www.ocorreionews.com.br\/acervo-correio\/index.php?rest_route=\/wp\/v2\/users\/5"}],"replies":[{"embeddable":true,"href":"https:\/\/www.ocorreionews.com.br\/acervo-correio\/index.php?rest_route=%2Fwp%2Fv2%2Fcomments&post=254766"}],"version-history":[{"count":1,"href":"https:\/\/www.ocorreionews.com.br\/acervo-correio\/index.php?rest_route=\/wp\/v2\/posts\/254766\/revisions"}],"predecessor-version":[{"id":254771,"href":"https:\/\/www.ocorreionews.com.br\/acervo-correio\/index.php?rest_route=\/wp\/v2\/posts\/254766\/revisions\/254771"}],"wp:featuredmedia":[{"embeddable":true,"href":"https:\/\/www.ocorreionews.com.br\/acervo-correio\/index.php?rest_route=\/wp\/v2\/media\/254768"}],"wp:attachment":[{"href":"https:\/\/www.ocorreionews.com.br\/acervo-correio\/index.php?rest_route=%2Fwp%2Fv2%2Fmedia&parent=254766"}],"wp:term":[{"taxonomy":"category","embeddable":true,"href":"https:\/\/www.ocorreionews.com.br\/acervo-correio\/index.php?rest_route=%2Fwp%2Fv2%2Fcategories&post=254766"},{"taxonomy":"post_tag","embeddable":true,"href":"https:\/\/www.ocorreionews.com.br\/acervo-correio\/index.php?rest_route=%2Fwp%2Fv2%2Ftags&post=254766"}],"curies":[{"name":"wp","href":"https:\/\/api.w.org\/{rel}","templated":true}]}}