{"id":254770,"date":"2023-10-21T09:11:32","date_gmt":"2023-10-21T13:11:32","guid":{"rendered":"https:\/\/www.ocorreionews.com.br\/acervo-correio\/?p=254770"},"modified":"2023-10-21T09:11:32","modified_gmt":"2023-10-21T13:11:32","slug":"governo-de-ms-entrega-licenca-e-neomille-comeca-a-produzir-etanol-de-milho-ate-dezembro","status":"publish","type":"post","link":"https:\/\/www.ocorreionews.com.br\/acervo-correio\/?p=254770","title":{"rendered":"Governo de MS entrega licen\u00e7a e Neomille come\u00e7a a produzir etanol de milho at\u00e9 dezembro"},"content":{"rendered":"<p>Mais uma grande agroind\u00fastria entra em atividade em Mato Grosso do Sul, dando seguimento ao processo de agroindustrializa\u00e7\u00e3o para processamento das mat\u00e9rias-primas do Estado. A Neomille, localizada em Maracaju, recebeu do Governo do Estado a licen\u00e7a de opera\u00e7\u00e3o que permite \u00e0 empresa iniciar as atividades.<\/p>\n<p>A entrega da licen\u00e7a foi feita ao diretor de Novos Neg\u00f3cios e Planejamento Estrat\u00e9gico da Neomille, Renato Pretti, pelo secret\u00e1rio de Meio Ambiente e Desenvolvimento, Jaime Verruck, e pelo diretor de Licenciamento e Fiscaliza\u00e7\u00e3o do Imasul, Luiz M\u00e1rio Ferreira, al\u00e9m do secret\u00e1rio executivo de Desenvolvimento Econ\u00f4mico e Sustent\u00e1vel, Rog\u00e9rio Beretta.<\/p>\n<p>A Neomille \u00e9 um empreendimento da CerradinhoBio, maior complexo produtor de bioenergia da Am\u00e9rica Latina, com unidades industriais em Chapad\u00e3o do C\u00e9u (GO). A planta de Mato Grosso do Sul foi constru\u00edda em Maracaju com investimento de R$ 1 bih\u00e3o, voltada \u00e0 produ\u00e7\u00e3o de etanol de milho, al\u00e9m de \u00f3leo de milho, farelo para ra\u00e7\u00e3o animal e energia.<\/p>\n<p>No per\u00edodo de obras foram empregadas mais de 2 mil pessoas e agora com a entrada em atividade ser\u00e3o gerados cerca de 200 empregos diretos e 600 indiretos, calcula Pretti.<\/p>\n<p>O secret\u00e1rio Jaime Verruck disse que a inten\u00e7\u00e3o \u00e9 fazer a inaugura\u00e7\u00e3o oficial da planta em janeiro, com a presen\u00e7a do governador Eduardo Riedel, embora as atividades j\u00e1 possam iniciar imediatamente com a expedi\u00e7\u00e3o da Licen\u00e7a de Opera\u00e7\u00e3o.<\/p>\n<p>\u201cVamos terminar um trevo de acesso, que \u00e9 um compromisso do Governo do Estado, j\u00e1 que hoje tem um trevo provis\u00f3rio l\u00e1.\u201d A planta foi instalada na margem da rodovia MS-157, em uma \u00e1rea de 115 hectares.<\/p>\n<div id=\"gallery-1\" class=\"gallery galleryid-454259 gallery-columns-1 gallery-size-large\">\n<figure class=\"gallery-item\">\n<div class=\"gallery-icon landscape\"><a href=\"https:\/\/agenciadenoticias.ms.gov.br\/wp-content\/uploads\/2023\/10\/WhatsApp-Image-2023-10-20-at-07.58.05-e1697813003407.jpeg\"><img loading=\"lazy\" decoding=\"async\" class=\"attachment-large size-large\" src=\"https:\/\/agenciadenoticias.ms.gov.br\/wp-content\/uploads\/2023\/10\/WhatsApp-Image-2023-10-20-at-07.58.05-e1697813003407-1024x538.jpeg\" sizes=\"auto, (max-width: 1024px) 100vw, 1024px\" srcset=\"https:\/\/agenciadenoticias.ms.gov.br\/wp-content\/uploads\/2023\/10\/WhatsApp-Image-2023-10-20-at-07.58.05-e1697813003407-1024x538.jpeg 1024w, https:\/\/agenciadenoticias.ms.gov.br\/wp-content\/uploads\/2023\/10\/WhatsApp-Image-2023-10-20-at-07.58.05-e1697813003407-300x158.jpeg 300w, https:\/\/agenciadenoticias.ms.gov.br\/wp-content\/uploads\/2023\/10\/WhatsApp-Image-2023-10-20-at-07.58.05-e1697813003407-768x403.jpeg 768w, https:\/\/agenciadenoticias.ms.gov.br\/wp-content\/uploads\/2023\/10\/WhatsApp-Image-2023-10-20-at-07.58.05-e1697813003407-350x184.jpeg 350w, https:\/\/agenciadenoticias.ms.gov.br\/wp-content\/uploads\/2023\/10\/WhatsApp-Image-2023-10-20-at-07.58.05-e1697813003407.jpeg 1280w\" alt=\"\" width=\"1024\" height=\"538\" \/><\/a><\/div>\n<\/figure>\n<\/div>\n<p>&nbsp;<\/p>\n<p><strong>Agilidade no licenciamento<\/strong><\/p>\n<p>Renato Pretti destacou a agilidade no processo de licenciamento por parte do Imasul, o que garantiu o cronograma das obras sem atraso e possibilitou a conclus\u00e3o do empreendimento no prazo estipulado. A Licen\u00e7a de Instala\u00e7\u00e3o foi entregue em junho do ano passado e pouco mais de um ano ap\u00f3s, j\u00e1 foi poss\u00edvel emitir a Licen\u00e7a de Opera\u00e7\u00e3o.<\/p>\n<p>\u201cLogo que saiu (a LI) a gente come\u00e7ou as obras e agora em outubro n\u00f3s estamos finalizando a constru\u00e7\u00e3o muito r\u00e1pido, para entrar em opera\u00e7\u00e3o at\u00e9 dezembro\u201d, resumiu.<\/p>\n<p>A partir das tratativas com o Governo do Estado e prosseguindo com a submiss\u00e3o do processo de licenciamento no \u00f3rg\u00e3o ambiental, tudo correu de maneira c\u00e9lere e com muita clareza e responsabilidade, destacou Pretti.<\/p>\n<p>\u201cDesde o come\u00e7o, quando n\u00f3s decidimos investir aqui, ou est\u00e1vamos avaliando o investimento aqui, fez toda a diferen\u00e7a essa tratativa do Estado conosco. E eu acho que consolidou, nesse primeiro momento, essa primeira etapa importante com a Licen\u00e7a de Opera\u00e7\u00e3o. Ent\u00e3o, acho que estamos super felizes com a condu\u00e7\u00e3o desse processo.\u201d<\/p>\n<p>Luiz Mario Ferreira explicou que por ser um empreendimento novo, o \u00f3rg\u00e3o ambiental exige estudos de impactos futuros e determina par\u00e2metros a serem seguidos para garantir a qualidade ambiental.<\/p>\n<p>\u201cO Imasul passa essa responsabilidade para o empreendedor, dentro do Programa B\u00e1sico Ambiental, que tem todos os monitoramentos da fauna, da flora, da emiss\u00e3o de efluentes na \u00e1gua, gases na atmosf\u00e9rica, do gerenciamento dos res\u00edduos. O empreendimento vai fazer a gest\u00e3o dessas emiss\u00f5es e o monitoramento e relatar ao Imasul periodicamente, em alguns casos a cada m\u00eas, ou cada tr\u00eas meses, para garantir que as emiss\u00f5es permane\u00e7am nos par\u00e2metros estabelecidos\u201d, disse.<\/p>\n<p>A Neomille entra em opera\u00e7\u00e3o com processamento de 600 mil toneladas de milho e produ\u00e7\u00e3o de aproximadamente 280 mil metros c\u00fabicos de etanol\/ano, na primeira fase. \u201cE n\u00f3s temos a previs\u00e3o de, em breve, j\u00e1 iniciar o projeto da segunda fase que \u00e9 de amplia\u00e7\u00e3o e n\u00f3s vamos duplicar essa capacidade\u201d, completou.<\/p>\n<p><em>Jo\u00e3o Prestes, Comunica\u00e7\u00e3o Semadesc<\/em><\/p>\n","protected":false},"excerpt":{"rendered":"<p>Mais uma grande agroind\u00fastria entra em atividade em Mato Grosso do Sul, dando seguimento ao processo de agroindustrializa\u00e7\u00e3o para processamento das mat\u00e9rias-primas do Estado. A Neomille, localizada em Maracaju, recebeu do Governo do Estado a licen\u00e7a de opera\u00e7\u00e3o que permite \u00e0 empresa iniciar as atividades. A entrega da licen\u00e7a foi feita ao diretor de Novos [&hellip;]<\/p>\n","protected":false},"author":5,"featured_media":254773,"comment_status":"closed","ping_status":"closed","sticky":false,"template":"","format":"standard","meta":{"footnotes":""},"categories":[17],"tags":[],"class_list":["post-254770","post","type-post","status-publish","format-standard","has-post-thumbnail","hentry","category-agropecuaria"],"_links":{"self":[{"href":"https:\/\/www.ocorreionews.com.br\/acervo-correio\/index.php?rest_route=\/wp\/v2\/posts\/254770","targetHints":{"allow":["GET"]}}],"collection":[{"href":"https:\/\/www.ocorreionews.com.br\/acervo-correio\/index.php?rest_route=\/wp\/v2\/posts"}],"about":[{"href":"https:\/\/www.ocorreionews.com.br\/acervo-correio\/index.php?rest_route=\/wp\/v2\/types\/post"}],"author":[{"embeddable":true,"href":"https:\/\/www.ocorreionews.com.br\/acervo-correio\/index.php?rest_route=\/wp\/v2\/users\/5"}],"replies":[{"embeddable":true,"href":"https:\/\/www.ocorreionews.com.br\/acervo-correio\/index.php?rest_route=%2Fwp%2Fv2%2Fcomments&post=254770"}],"version-history":[{"count":1,"href":"https:\/\/www.ocorreionews.com.br\/acervo-correio\/index.php?rest_route=\/wp\/v2\/posts\/254770\/revisions"}],"predecessor-version":[{"id":254774,"href":"https:\/\/www.ocorreionews.com.br\/acervo-correio\/index.php?rest_route=\/wp\/v2\/posts\/254770\/revisions\/254774"}],"wp:featuredmedia":[{"embeddable":true,"href":"https:\/\/www.ocorreionews.com.br\/acervo-correio\/index.php?rest_route=\/wp\/v2\/media\/254773"}],"wp:attachment":[{"href":"https:\/\/www.ocorreionews.com.br\/acervo-correio\/index.php?rest_route=%2Fwp%2Fv2%2Fmedia&parent=254770"}],"wp:term":[{"taxonomy":"category","embeddable":true,"href":"https:\/\/www.ocorreionews.com.br\/acervo-correio\/index.php?rest_route=%2Fwp%2Fv2%2Fcategories&post=254770"},{"taxonomy":"post_tag","embeddable":true,"href":"https:\/\/www.ocorreionews.com.br\/acervo-correio\/index.php?rest_route=%2Fwp%2Fv2%2Ftags&post=254770"}],"curies":[{"name":"wp","href":"https:\/\/api.w.org\/{rel}","templated":true}]}}