{"id":254832,"date":"2023-10-22T09:44:47","date_gmt":"2023-10-22T13:44:47","guid":{"rendered":"https:\/\/www.ocorreionews.com.br\/acervo-correio\/?p=254832"},"modified":"2023-10-22T09:44:47","modified_gmt":"2023-10-22T13:44:47","slug":"video-gato-palheiro-melanico-animal-raro-que-foi-visto-em-chapadao-do-ceu","status":"publish","type":"post","link":"https:\/\/www.ocorreionews.com.br\/acervo-correio\/?p=254832","title":{"rendered":"V\u00eddeo: Gato-palheiro mel\u00e2nico, animal raro que foi visto em Chapad\u00e3o do C\u00e9u"},"content":{"rendered":"<div id=\"chunk-48gtb\">\n<div class=\"mc-column content-text active-extra-styles \" data-block-type=\"unstyled\" data-block-weight=\"47\" data-block-id=\"3\">\n<p class=\" content-text__container \" data-track-category=\"Link no Texto\" data-track-links=\"\">O gato-palheiro mel\u00e2nico, considerado raro, foi registrado no Parque Nacional das Emas, a 25 km de Chapad\u00e3o do Ce\u00fa, no sudoeste goiano. O bi\u00f3logo e analista ambiental do Instituto Chico Mendes de Conserva\u00e7\u00e3o da Biodiversidade (ICMBio) Kennedy de Andrade Borges foi quem fez o registro do animal.<\/p>\n<\/div>\n<\/div>\n<div class=\"wall protected-content\">\n<div id=\"chunk-4teh5\">\n<div class=\"mc-column content-text active-extra-styles\" data-block-type=\"raw\" data-block-weight=\"6\" data-block-id=\"4\">\n<p>&nbsp;<\/p>\n<\/div>\n<\/div>\n<div id=\"chunk-dhadg\">\n<div class=\"mc-column content-text active-extra-styles\" data-block-type=\"raw\" data-block-weight=\"29\" data-block-id=\"5\">\n<p class=\"content-text__container\">\n<blockquote class=\"content-blockquote theme-border-color-primary-before\"><p>&#8220;Eu estava a mais de 60 m de dist\u00e2ncia. Me deitei no ch\u00e3o e fiz um pseudo-trip\u00e9 com o tronco e bra\u00e7os para conseguir essa imagem&#8221;, disse Kennedy.<\/p><\/blockquote>\n<p>&nbsp;<\/p>\n<\/div>\n<\/div>\n<div id=\"chunk-fj0h\">\n<div class=\"mc-column content-text active-extra-styles \" data-block-type=\"unstyled\" data-block-weight=\"48\" data-block-id=\"6\">\n<p class=\" content-text__container \" data-track-category=\"Link no Texto\" data-track-links=\"\">A imagem foi feita quando o gato-palheiro mel\u00e2nico capturava uma presa. De acordo com Kennedy o animal est\u00e1 amea\u00e7ado em diversas listas, entre as quais a Lista Vermelha (ICMBio) e a Lista de esp\u00e9cies amea\u00e7adas da Uni\u00e3o Internacional para a Conserva\u00e7\u00e3o da Natureza e dos Recursos Naturais (IUCN).<\/p>\n<div id=\"chunk-accdl\">\n<div class=\"mc-column content-text active-extra-styles \" data-block-type=\"unstyled\" data-block-weight=\"42\" data-block-id=\"10\">\n<p class=\" content-text__container \" data-track-category=\"Link no Texto\" data-track-links=\"\">Kennedy conta que o animal \u00e9 uma esp\u00e9cie extremamente furtiva, discreto e r\u00e1pido. Normalmente ca\u00e7a nos aceiros e estradas em leito natural do Parque. Quando percebe algum movimento, embrenha-se rapidamente na vegeta\u00e7\u00e3o. Por isso, \u00e9 muito dif\u00edcil de ser avistado e registrado.<\/p>\n<p data-track-category=\"Link no Texto\" data-track-links=\"\">\n<\/div>\n<\/div>\n<div id=\"chunk-673om\">\n<div class=\"mc-column content-text active-extra-styles \" data-block-type=\"unstyled\" data-block-weight=\"51\" data-block-id=\"11\">\n<p class=\" content-text__container \" data-track-category=\"Link no Texto\" data-track-links=\"\">O registro foi feito no dia 27 de setembro deste ano, mas s\u00f3 foi divulgado nesta semana. O bi\u00f3logo tamb\u00e9m \u00e9 coordenador de pesquisas e visita\u00e7\u00e3o do Parque Nacional das Emas e explicou que o termo &#8220;mel\u00e2nico&#8221; se refere ao melanismo, ou seja, \u00e0 colora\u00e7\u00e3o escura dos p\u00ealos do animal.<\/p>\n<p data-track-category=\"Link no Texto\" data-track-links=\"\">\n<\/div>\n<\/div>\n<div id=\"chunk-2tpai\">\n<div class=\"mc-column content-text active-extra-styles \" data-block-type=\"unstyled\" data-block-weight=\"52\" data-block-id=\"12\">\n<p class=\" content-text__container \" data-track-category=\"Link no Texto\" data-track-links=\"\">A m\u00e9dica veterin\u00e1ria Luana Borboleta disse que o gato-palheiro \u00e9 um pequeno fel\u00eddeo n\u00e3o muito maior que um gato dom\u00e9stico e \u00e9 encontrado na Argentina, Brasil, Paraguai e Uruguai. A fragmenta\u00e7\u00e3o do seu habitat tem sido considerada a maior amea\u00e7a para a esp\u00e9cie na maior parte de sua \u00e1rea de distribui\u00e7\u00e3o.<\/p>\n<p data-track-category=\"Link no Texto\" data-track-links=\"\">\n<\/div>\n<\/div>\n<\/div>\n<\/div>\n<\/div>\n<p>&nbsp;<\/p>\n<div style=\"width: 720px;\" class=\"wp-video\"><!--[if lt IE 9]><script>document.createElement('video');<\/script><![endif]-->\n<video class=\"wp-video-shortcode\" id=\"video-254832-1\" width=\"720\" height=\"720\" preload=\"metadata\" controls=\"controls\"><source type=\"video\/mp4\" src=\"https:\/\/www.ocorreionews.com.br\/acervo-correio\/wp-content\/uploads\/2023\/10\/Gato-palheiro-melanico.mp4?_=1\" \/><a href=\"https:\/\/www.ocorreionews.com.br\/acervo-correio\/wp-content\/uploads\/2023\/10\/Gato-palheiro-melanico.mp4\">https:\/\/www.ocorreionews.com.br\/acervo-correio\/wp-content\/uploads\/2023\/10\/Gato-palheiro-melanico.mp4<\/a><\/video><\/div>\n<p class=\"content-publication-data__from\" title=\"Vanessa Chaves e Ildeu Iussef, g1 Goi\u00e1s\">Por Vanessa Chaves e Ildeu Iussef, g1 Goi\u00e1s<\/p>\n","protected":false},"excerpt":{"rendered":"<p>O gato-palheiro mel\u00e2nico, considerado raro, foi registrado no Parque Nacional das Emas, a 25 km de Chapad\u00e3o do Ce\u00fa, no sudoeste goiano. O bi\u00f3logo e analista ambiental do Instituto Chico Mendes de Conserva\u00e7\u00e3o da Biodiversidade (ICMBio) Kennedy de Andrade Borges foi quem fez o registro do animal. &nbsp; &#8220;Eu estava a mais de 60 m [&hellip;]<\/p>\n","protected":false},"author":5,"featured_media":254834,"comment_status":"closed","ping_status":"closed","sticky":false,"template":"","format":"standard","meta":{"footnotes":""},"categories":[22],"tags":[],"class_list":["post-254832","post","type-post","status-publish","format-standard","has-post-thumbnail","hentry","category-chapadao-do-ceu"],"_links":{"self":[{"href":"https:\/\/www.ocorreionews.com.br\/acervo-correio\/index.php?rest_route=\/wp\/v2\/posts\/254832","targetHints":{"allow":["GET"]}}],"collection":[{"href":"https:\/\/www.ocorreionews.com.br\/acervo-correio\/index.php?rest_route=\/wp\/v2\/posts"}],"about":[{"href":"https:\/\/www.ocorreionews.com.br\/acervo-correio\/index.php?rest_route=\/wp\/v2\/types\/post"}],"author":[{"embeddable":true,"href":"https:\/\/www.ocorreionews.com.br\/acervo-correio\/index.php?rest_route=\/wp\/v2\/users\/5"}],"replies":[{"embeddable":true,"href":"https:\/\/www.ocorreionews.com.br\/acervo-correio\/index.php?rest_route=%2Fwp%2Fv2%2Fcomments&post=254832"}],"version-history":[{"count":1,"href":"https:\/\/www.ocorreionews.com.br\/acervo-correio\/index.php?rest_route=\/wp\/v2\/posts\/254832\/revisions"}],"predecessor-version":[{"id":254835,"href":"https:\/\/www.ocorreionews.com.br\/acervo-correio\/index.php?rest_route=\/wp\/v2\/posts\/254832\/revisions\/254835"}],"wp:featuredmedia":[{"embeddable":true,"href":"https:\/\/www.ocorreionews.com.br\/acervo-correio\/index.php?rest_route=\/wp\/v2\/media\/254834"}],"wp:attachment":[{"href":"https:\/\/www.ocorreionews.com.br\/acervo-correio\/index.php?rest_route=%2Fwp%2Fv2%2Fmedia&parent=254832"}],"wp:term":[{"taxonomy":"category","embeddable":true,"href":"https:\/\/www.ocorreionews.com.br\/acervo-correio\/index.php?rest_route=%2Fwp%2Fv2%2Fcategories&post=254832"},{"taxonomy":"post_tag","embeddable":true,"href":"https:\/\/www.ocorreionews.com.br\/acervo-correio\/index.php?rest_route=%2Fwp%2Fv2%2Ftags&post=254832"}],"curies":[{"name":"wp","href":"https:\/\/api.w.org\/{rel}","templated":true}]}}