{"id":254858,"date":"2023-10-22T13:13:47","date_gmt":"2023-10-22T17:13:47","guid":{"rendered":"https:\/\/www.ocorreionews.com.br\/acervo-correio\/?p=254858"},"modified":"2023-10-22T13:13:47","modified_gmt":"2023-10-22T17:13:47","slug":"grande-estrutura-garante-seguranca-nos-eventos-de-36-anos-de-chapadao-do-sul","status":"publish","type":"post","link":"https:\/\/www.ocorreionews.com.br\/acervo-correio\/?p=254858","title":{"rendered":"Grande Estrutura Garante  Seguran\u00e7a nos Eventos de 36 Anos de Chapad\u00e3o do Sul."},"content":{"rendered":"<div>Mega estrutura da Cruz Vermelha brasileira MS,em parceria com Secretaria de Sa\u00fade e Hospital Municipal, garantiu a seguran\u00e7a de mais 200 competidores do campeonato de ciclismo que aconteceu na data de hoje, fazendo parte do calend\u00e1rio de comemora\u00e7\u00e3o ao anivers\u00e1rio de Chapad\u00e3o do Sul.<\/div>\n<div><img loading=\"lazy\" decoding=\"async\" class=\"size-medium wp-image-254859 aligncenter\" src=\"https:\/\/www.ocorreionews.com.br\/acervo-correio\/wp-content\/uploads\/2023\/10\/012-225x300.jpeg\" alt=\"\" width=\"225\" height=\"300\" srcset=\"https:\/\/www.ocorreionews.com.br\/acervo-correio\/wp-content\/uploads\/2023\/10\/012-225x300.jpeg 225w, https:\/\/www.ocorreionews.com.br\/acervo-correio\/wp-content\/uploads\/2023\/10\/012-768x1024.jpeg 768w, https:\/\/www.ocorreionews.com.br\/acervo-correio\/wp-content\/uploads\/2023\/10\/012.jpeg 960w\" sizes=\"auto, (max-width: 225px) 100vw, 225px\" \/><\/div>\n<div><\/div>\n<div>Chapad\u00e3o do Sul \u00e9 a cidade do Estado em Maior destaque em amplos sentido ainda mais quando se fala em sa\u00fade e seguran\u00e7a, Prefeito Jo\u00e3o Carlos N\u00e3o deixa passar, reflexo este que cidade possui a 10 anos um N\u00facleo Estadual da Cruz Vermelha brasileira, que em parceria Sa\u00fade, vem mostrando excelente resultado.<\/div>\n<div><\/div>\n<div>Os Eventos no munic\u00edpio todos com\u00a0 100% cobertura de profissionais com uma compet\u00eancia inquestion\u00e1vel, e se tornando refer\u00eancia a muitos outros munic\u00edpios. Uni\u00e3o garante a popula\u00e7\u00e3o, tranquilidade e seguran\u00e7a em poder aproveitar ampla escala de eventos de comemora\u00e7\u00e3o aos 36 Anos de Chapad\u00e3o do Sul.<\/div>\n<div>Gabriel Schultz, Coordenador Geral da Unidade em Chapad\u00e3o do Sul, ressalta a grande import\u00e2ncia e parceria da uni\u00e3o que a institui\u00e7\u00e3o recebe do Hospital Municipal, Secretaria de Sa\u00fade, Poder Executivo, Poder Legislativo. Ao Total para atender todo o calend\u00e1rio de evento de anivers\u00e1rio da cidade a CVBMS ,Disponibilizou mais de 20 Profissionais.<\/div>\n<p style=\"text-align: center;\"><strong>Chapad\u00e3o do Sul 36 Anos , Maior e Melhor , com uma Gest\u00e3o que mostra seu diferencial .<\/strong><\/p>\n<p>&nbsp;<\/p>\n<div>Alguns Registro dos Diversos Atendimentos.<\/div>\n<div><\/div>\n<div><img loading=\"lazy\" decoding=\"async\" class=\"alignnone  wp-image-254860\" src=\"https:\/\/www.ocorreionews.com.br\/acervo-correio\/wp-content\/uploads\/2023\/10\/011-300x226.jpeg\" alt=\"\" width=\"279\" height=\"210\" srcset=\"https:\/\/www.ocorreionews.com.br\/acervo-correio\/wp-content\/uploads\/2023\/10\/011-300x226.jpeg 300w, https:\/\/www.ocorreionews.com.br\/acervo-correio\/wp-content\/uploads\/2023\/10\/011-1024x772.jpeg 1024w, https:\/\/www.ocorreionews.com.br\/acervo-correio\/wp-content\/uploads\/2023\/10\/011-768x579.jpeg 768w, https:\/\/www.ocorreionews.com.br\/acervo-correio\/wp-content\/uploads\/2023\/10\/011-86x64.jpeg 86w, https:\/\/www.ocorreionews.com.br\/acervo-correio\/wp-content\/uploads\/2023\/10\/011.jpeg 1067w\" sizes=\"auto, (max-width: 279px) 100vw, 279px\" \/>\u00a0 \u00a0 <img loading=\"lazy\" decoding=\"async\" class=\"alignnone size-medium wp-image-254861\" src=\"https:\/\/www.ocorreionews.com.br\/acervo-correio\/wp-content\/uploads\/2023\/10\/013-135x300.jpeg\" alt=\"\" width=\"135\" height=\"300\" srcset=\"https:\/\/www.ocorreionews.com.br\/acervo-correio\/wp-content\/uploads\/2023\/10\/013-135x300.jpeg 135w, https:\/\/www.ocorreionews.com.br\/acervo-correio\/wp-content\/uploads\/2023\/10\/013-461x1024.jpeg 461w, https:\/\/www.ocorreionews.com.br\/acervo-correio\/wp-content\/uploads\/2023\/10\/013-691x1536.jpeg 691w, https:\/\/www.ocorreionews.com.br\/acervo-correio\/wp-content\/uploads\/2023\/10\/013.jpeg 720w\" sizes=\"auto, (max-width: 135px) 100vw, 135px\" \/><img loading=\"lazy\" decoding=\"async\" class=\"alignnone size-medium wp-image-254862\" src=\"https:\/\/www.ocorreionews.com.br\/acervo-correio\/wp-content\/uploads\/2023\/10\/14-225x300.jpeg\" alt=\"\" width=\"225\" height=\"300\" srcset=\"https:\/\/www.ocorreionews.com.br\/acervo-correio\/wp-content\/uploads\/2023\/10\/14-225x300.jpeg 225w, https:\/\/www.ocorreionews.com.br\/acervo-correio\/wp-content\/uploads\/2023\/10\/14-768x1024.jpeg 768w, https:\/\/www.ocorreionews.com.br\/acervo-correio\/wp-content\/uploads\/2023\/10\/14.jpeg 960w\" sizes=\"auto, (max-width: 225px) 100vw, 225px\" \/> <img loading=\"lazy\" decoding=\"async\" class=\"alignnone size-medium wp-image-254863\" src=\"https:\/\/www.ocorreionews.com.br\/acervo-correio\/wp-content\/uploads\/2023\/10\/15-135x300.jpeg\" alt=\"\" width=\"135\" height=\"300\" srcset=\"https:\/\/www.ocorreionews.com.br\/acervo-correio\/wp-content\/uploads\/2023\/10\/15-135x300.jpeg 135w, https:\/\/www.ocorreionews.com.br\/acervo-correio\/wp-content\/uploads\/2023\/10\/15-462x1024.jpeg 462w, https:\/\/www.ocorreionews.com.br\/acervo-correio\/wp-content\/uploads\/2023\/10\/15-693x1536.jpeg 693w, https:\/\/www.ocorreionews.com.br\/acervo-correio\/wp-content\/uploads\/2023\/10\/15.jpeg 722w\" sizes=\"auto, (max-width: 135px) 100vw, 135px\" \/><\/div>\n<div><\/div>\n<p>&nbsp;<\/p>\n<p>&nbsp;<\/p>\n<p>&nbsp;<\/p>\n","protected":false},"excerpt":{"rendered":"<p>Mega estrutura da Cruz Vermelha brasileira MS,em parceria com Secretaria de Sa\u00fade e Hospital Municipal, garantiu a seguran\u00e7a de mais 200 competidores do campeonato de ciclismo que aconteceu na data de hoje, fazendo parte do calend\u00e1rio de comemora\u00e7\u00e3o ao anivers\u00e1rio de Chapad\u00e3o do Sul. Chapad\u00e3o do Sul \u00e9 a cidade do Estado em Maior destaque [&hellip;]<\/p>\n","protected":false},"author":4,"featured_media":254864,"comment_status":"closed","ping_status":"closed","sticky":false,"template":"","format":"standard","meta":{"footnotes":""},"categories":[23,41,38,39],"tags":[],"class_list":["post-254858","post","type-post","status-publish","format-standard","has-post-thumbnail","hentry","category-chapadao-do-sul","category-destaque","category-policia","category-saude"],"_links":{"self":[{"href":"https:\/\/www.ocorreionews.com.br\/acervo-correio\/index.php?rest_route=\/wp\/v2\/posts\/254858","targetHints":{"allow":["GET"]}}],"collection":[{"href":"https:\/\/www.ocorreionews.com.br\/acervo-correio\/index.php?rest_route=\/wp\/v2\/posts"}],"about":[{"href":"https:\/\/www.ocorreionews.com.br\/acervo-correio\/index.php?rest_route=\/wp\/v2\/types\/post"}],"author":[{"embeddable":true,"href":"https:\/\/www.ocorreionews.com.br\/acervo-correio\/index.php?rest_route=\/wp\/v2\/users\/4"}],"replies":[{"embeddable":true,"href":"https:\/\/www.ocorreionews.com.br\/acervo-correio\/index.php?rest_route=%2Fwp%2Fv2%2Fcomments&post=254858"}],"version-history":[{"count":1,"href":"https:\/\/www.ocorreionews.com.br\/acervo-correio\/index.php?rest_route=\/wp\/v2\/posts\/254858\/revisions"}],"predecessor-version":[{"id":254865,"href":"https:\/\/www.ocorreionews.com.br\/acervo-correio\/index.php?rest_route=\/wp\/v2\/posts\/254858\/revisions\/254865"}],"wp:featuredmedia":[{"embeddable":true,"href":"https:\/\/www.ocorreionews.com.br\/acervo-correio\/index.php?rest_route=\/wp\/v2\/media\/254864"}],"wp:attachment":[{"href":"https:\/\/www.ocorreionews.com.br\/acervo-correio\/index.php?rest_route=%2Fwp%2Fv2%2Fmedia&parent=254858"}],"wp:term":[{"taxonomy":"category","embeddable":true,"href":"https:\/\/www.ocorreionews.com.br\/acervo-correio\/index.php?rest_route=%2Fwp%2Fv2%2Fcategories&post=254858"},{"taxonomy":"post_tag","embeddable":true,"href":"https:\/\/www.ocorreionews.com.br\/acervo-correio\/index.php?rest_route=%2Fwp%2Fv2%2Ftags&post=254858"}],"curies":[{"name":"wp","href":"https:\/\/api.w.org\/{rel}","templated":true}]}}