{"id":254880,"date":"2023-10-23T09:52:41","date_gmt":"2023-10-23T13:52:41","guid":{"rendered":"https:\/\/www.ocorreionews.com.br\/acervo-correio\/?p=254880"},"modified":"2023-10-23T10:40:43","modified_gmt":"2023-10-23T14:40:43","slug":"encontrado-cadaver-rua-p11-em-chapadao-do-sul","status":"publish","type":"post","link":"https:\/\/www.ocorreionews.com.br\/acervo-correio\/?p=254880","title":{"rendered":"Homem \u00e9 encontrado morto com ferimento na cabe\u00e7a em Chapad\u00e3o do Sul."},"content":{"rendered":"<p>Na manh\u00e3 desta segunda-feira, 23 de outubro, foi encontrado o corpo de um homem, ca\u00eddo sobre a copa de uma \u00e1rvore, na \u00c1rea Verde da cidade de Chapad\u00e3o do Sul, em frente \u00e0 Rua F com a Rua P-11.<\/p>\n<p>Uma enfermeira do Hospital Municipal de Chapad\u00e3o do Sul voltava de seu plant\u00e3o, por volta das 06h30 e avistou o homem ca\u00eddo embaixo da \u00e1rvore. O Corpo de Bombeiros foi acionado, mas o cad\u00e1ver j\u00e1 est\u00e1 em rigidez cadav\u00e9rica. Provavelmente esteja morto a aproximadamente 12 horas. Ele apresenta um grave ferimento na cabe\u00e7a e roupas sujas.<\/p>\n<p>A Pol\u00edcia Militar foi acionada e est\u00e1 preservando o local at\u00e9 a chegada da Per\u00edcia da Pol\u00edcia T\u00e9cnica de Costa Rica, para realizar o trabalho pericial e liberar o corpo para ser enviado ao IMLO.<\/p>\n<p>Trata-se de um homem pardo, ou negro, usando cal\u00e7a jeans, camisete com gola preta, com imagem na cor vermelha e cal\u00e7ado com sapato. Ao lado do corpo, sobre o bra\u00e7o direito, um peda\u00e7o de madeira, tipo estaca. Em um galho baixo da copa da \u00e1rvore, um sinal de pancada. Provavelmente houve luta corporal e a v\u00edtima foi atingida na cabe\u00e7a e morreu no local.<\/p>\n<p>O corpo aparenta de um homem de aproximadamente 30 anos de idade. At\u00e9 o momento apenas a Pol\u00edcia Militar est\u00e1 no local.<\/p>\n<p>&nbsp;<\/p>\n<p><em>Fonte:\u00a0 Texto Norbertino Angeli e\u00a0 \u00a0Imagens Bols\u00e3o News.<\/em><\/p>\n","protected":false},"excerpt":{"rendered":"<p>Na manh\u00e3 desta segunda-feira, 23 de outubro, foi encontrado o corpo de um homem, ca\u00eddo sobre a copa de uma \u00e1rvore, na \u00c1rea Verde da cidade de Chapad\u00e3o do Sul, em frente \u00e0 Rua F com a Rua P-11. Uma enfermeira do Hospital Municipal de Chapad\u00e3o do Sul voltava de seu plant\u00e3o, por volta das [&hellip;]<\/p>\n","protected":false},"author":4,"featured_media":254892,"comment_status":"closed","ping_status":"closed","sticky":false,"template":"","format":"standard","meta":{"footnotes":""},"categories":[23,41,38],"tags":[],"class_list":["post-254880","post","type-post","status-publish","format-standard","has-post-thumbnail","hentry","category-chapadao-do-sul","category-destaque","category-policia"],"_links":{"self":[{"href":"https:\/\/www.ocorreionews.com.br\/acervo-correio\/index.php?rest_route=\/wp\/v2\/posts\/254880","targetHints":{"allow":["GET"]}}],"collection":[{"href":"https:\/\/www.ocorreionews.com.br\/acervo-correio\/index.php?rest_route=\/wp\/v2\/posts"}],"about":[{"href":"https:\/\/www.ocorreionews.com.br\/acervo-correio\/index.php?rest_route=\/wp\/v2\/types\/post"}],"author":[{"embeddable":true,"href":"https:\/\/www.ocorreionews.com.br\/acervo-correio\/index.php?rest_route=\/wp\/v2\/users\/4"}],"replies":[{"embeddable":true,"href":"https:\/\/www.ocorreionews.com.br\/acervo-correio\/index.php?rest_route=%2Fwp%2Fv2%2Fcomments&post=254880"}],"version-history":[{"count":3,"href":"https:\/\/www.ocorreionews.com.br\/acervo-correio\/index.php?rest_route=\/wp\/v2\/posts\/254880\/revisions"}],"predecessor-version":[{"id":254895,"href":"https:\/\/www.ocorreionews.com.br\/acervo-correio\/index.php?rest_route=\/wp\/v2\/posts\/254880\/revisions\/254895"}],"wp:featuredmedia":[{"embeddable":true,"href":"https:\/\/www.ocorreionews.com.br\/acervo-correio\/index.php?rest_route=\/wp\/v2\/media\/254892"}],"wp:attachment":[{"href":"https:\/\/www.ocorreionews.com.br\/acervo-correio\/index.php?rest_route=%2Fwp%2Fv2%2Fmedia&parent=254880"}],"wp:term":[{"taxonomy":"category","embeddable":true,"href":"https:\/\/www.ocorreionews.com.br\/acervo-correio\/index.php?rest_route=%2Fwp%2Fv2%2Fcategories&post=254880"},{"taxonomy":"post_tag","embeddable":true,"href":"https:\/\/www.ocorreionews.com.br\/acervo-correio\/index.php?rest_route=%2Fwp%2Fv2%2Ftags&post=254880"}],"curies":[{"name":"wp","href":"https:\/\/api.w.org\/{rel}","templated":true}]}}