{"id":254899,"date":"2023-10-23T11:17:57","date_gmt":"2023-10-23T15:17:57","guid":{"rendered":"https:\/\/www.ocorreionews.com.br\/acervo-correio\/?p=254899"},"modified":"2023-10-24T13:49:13","modified_gmt":"2023-10-24T17:49:13","slug":"chapadao-do-sul-celebra-36-anos-de-emancipacao-nesta-segunda","status":"publish","type":"post","link":"https:\/\/www.ocorreionews.com.br\/acervo-correio\/?p=254899","title":{"rendered":"Chapad\u00e3o do Sul celebra 36 anos de emancipa\u00e7\u00e3o nesta segunda"},"content":{"rendered":"<p>Nesta segunda-feira (23), \u00e9 celebrado o anivers\u00e1rio de 36 anos de emancipa\u00e7\u00e3o pol\u00edtico-administrativa do munic\u00edpio de Chapad\u00e3o do Sul. Localizado na regi\u00e3o nordeste do estado, a 321 quil\u00f4metros de dist\u00e2ncia da Capital, o munic\u00edpio teve em sua programa\u00e7\u00e3o tr\u00eas noites de shows de artistas locais e regionais.<\/p>\n<p>A regi\u00e3o onde atualmente se encontra o munic\u00edpio, teve seu in\u00edcio populacional na d\u00e9cada de 70, devido ao cultivo de arroz, soja e milho. Em 1982, devido ao seu crescimento populacional, o povoado foi elevado \u00e0 categoria de distrito.<\/p>\n<p>O distrito foi denominado como Chapad\u00e3o do Sul ap\u00f3s ser categorizado como munic\u00edpio, no dia 27 de outubro de 1987, pela Lei Estadual n\u00ba 768\/87, sendo desmembrado de outros munic\u00edpios.<\/p>\n<p>Devido a sua localiza\u00e7\u00e3o, o munic\u00edpio se torna o local prop\u00edcio para o encontro de produtores e investidores na \u00e1rea da produ\u00e7\u00e3o agr\u00edcola. Atualmente o munic\u00edpio possui projeto de agricultura altamente tecnificada, produzindo soja, algod\u00e3o, milho, nabo forrageiro, sorgo, milheto, amendoim, girassol e cana-de-a\u00e7\u00facar.<\/p>\n<p>Neste ano para comemorar os 36 anos de emancipa\u00e7\u00e3o, o munic\u00edpio realizou tr\u00eas noites de festividades com show de artistas regionais e nacionais. A programa\u00e7\u00e3o foi realizada no decorrer dos dias 20 a 22 de outubro, e se encerra com a realiza\u00e7\u00e3o da missa em a\u00e7\u00e3o ao anivers\u00e1rio da cidade, na Igreja Matriz, nesta segunda-feira, \u00e0s 19h.<\/p>\n<figure style=\"width: 900px\" class=\"wp-caption aligncenter\"><img loading=\"lazy\" decoding=\"async\" src=\"https:\/\/www.bncnoticias.com.br\/arquivos\/noticias\/16732\/hoje-23-e-feriado-em-chapadao-do-sul-que-completa-36-anos-de-emancipacao.jpg\" alt=\"Hoje (23) \u00e9 feriado em Chapad\u00e3o do Sul que completa 36 anos de emancipa\u00e7\u00e3o\" width=\"900\" height=\"601\" \/><figcaption class=\"wp-caption-text\">Momento em que o ent\u00e3o Governador Marcelo Miranda apresentava a assinatura da lei que criou o Munic\u00edpio de Chapad\u00e3o do Sul. Foto: Acervo J\u00falio Alves Martins<\/figcaption><\/figure>\n<p>&nbsp;<\/p>\n<p>Por Everson Castilho &#8211; Campo Grande News<\/p>\n","protected":false},"excerpt":{"rendered":"<p>Nesta segunda-feira (23), \u00e9 celebrado o anivers\u00e1rio de 36 anos de emancipa\u00e7\u00e3o pol\u00edtico-administrativa do munic\u00edpio de Chapad\u00e3o do Sul. Localizado na regi\u00e3o nordeste do estado, a 321 quil\u00f4metros de dist\u00e2ncia da Capital, o munic\u00edpio teve em sua programa\u00e7\u00e3o tr\u00eas noites de shows de artistas locais e regionais. A regi\u00e3o onde atualmente se encontra o munic\u00edpio, [&hellip;]<\/p>\n","protected":false},"author":5,"featured_media":234749,"comment_status":"closed","ping_status":"closed","sticky":false,"template":"","format":"standard","meta":{"footnotes":""},"categories":[23],"tags":[],"class_list":["post-254899","post","type-post","status-publish","format-standard","has-post-thumbnail","hentry","category-chapadao-do-sul"],"_links":{"self":[{"href":"https:\/\/www.ocorreionews.com.br\/acervo-correio\/index.php?rest_route=\/wp\/v2\/posts\/254899","targetHints":{"allow":["GET"]}}],"collection":[{"href":"https:\/\/www.ocorreionews.com.br\/acervo-correio\/index.php?rest_route=\/wp\/v2\/posts"}],"about":[{"href":"https:\/\/www.ocorreionews.com.br\/acervo-correio\/index.php?rest_route=\/wp\/v2\/types\/post"}],"author":[{"embeddable":true,"href":"https:\/\/www.ocorreionews.com.br\/acervo-correio\/index.php?rest_route=\/wp\/v2\/users\/5"}],"replies":[{"embeddable":true,"href":"https:\/\/www.ocorreionews.com.br\/acervo-correio\/index.php?rest_route=%2Fwp%2Fv2%2Fcomments&post=254899"}],"version-history":[{"count":1,"href":"https:\/\/www.ocorreionews.com.br\/acervo-correio\/index.php?rest_route=\/wp\/v2\/posts\/254899\/revisions"}],"predecessor-version":[{"id":254900,"href":"https:\/\/www.ocorreionews.com.br\/acervo-correio\/index.php?rest_route=\/wp\/v2\/posts\/254899\/revisions\/254900"}],"wp:featuredmedia":[{"embeddable":true,"href":"https:\/\/www.ocorreionews.com.br\/acervo-correio\/index.php?rest_route=\/wp\/v2\/media\/234749"}],"wp:attachment":[{"href":"https:\/\/www.ocorreionews.com.br\/acervo-correio\/index.php?rest_route=%2Fwp%2Fv2%2Fmedia&parent=254899"}],"wp:term":[{"taxonomy":"category","embeddable":true,"href":"https:\/\/www.ocorreionews.com.br\/acervo-correio\/index.php?rest_route=%2Fwp%2Fv2%2Fcategories&post=254899"},{"taxonomy":"post_tag","embeddable":true,"href":"https:\/\/www.ocorreionews.com.br\/acervo-correio\/index.php?rest_route=%2Fwp%2Fv2%2Ftags&post=254899"}],"curies":[{"name":"wp","href":"https:\/\/api.w.org\/{rel}","templated":true}]}}