{"id":254914,"date":"2023-10-23T08:36:44","date_gmt":"2023-10-23T12:36:44","guid":{"rendered":"https:\/\/www.ocorreionews.com.br\/acervo-correio\/?p=254914"},"modified":"2023-10-24T08:42:25","modified_gmt":"2023-10-24T12:42:25","slug":"prefeitura-divulga-chamamento-publico-programa-de-reforma-e-ampliacao","status":"publish","type":"post","link":"https:\/\/www.ocorreionews.com.br\/acervo-correio\/?p=254914","title":{"rendered":"Prefeitura divulga chamamento p\u00fablico \u201cPROGRAMA DE REFORMA E AMPLIA\u00c7\u00c3O\u201d.  ."},"content":{"rendered":"<p>A Prefeitura Municipal de Alcin\u00f3polis, atrav\u00e9s da Secretaria Municipal de A\u00e7\u00e3o Social, divulgou hoje 23\/10, na EDI\u00c7\u00c3O EXTRA do Di\u00e1rio Oficial Eletr\u00f4nico n\u00ba 1.343, o CHAMAMENTO P\u00daBLICO 001\/2023 \u2013 SEMAS.<\/p>\n<p><strong>Veja abaixo na integra!!!\u00a0<\/strong><\/p>\n<p><em>Alcir Gon\u00e7alves Dias, Secret\u00e1rio Municipal de A\u00e7\u00e3o Social, no uso de suas atribui\u00e7\u00f5es legais, torna p\u00fablica, para conhecimento dos interessados, a abertura de inscri\u00e7\u00f5es para o cadastro de candidatos ao PROGRAMA DE REFORMA E AMPLIA\u00c7\u00c3O DE RESID\u00caNCIAS DE PEQUENO PORTE &#8211; \u201cAMPLIANDO SONHOS\u201d institu\u00eddo pela LEI N\u00ba 460\/2019, 16 DE OUTUBRO DE 2019 e suas altera\u00e7\u00f5es, visando a reforma e\/ou amplia\u00e7\u00e3o de 15 unidades habitacionais.\u00a0<\/em><\/p>\n<p><em>Per\u00edodo das inscri\u00e7\u00f5es: 24 de outubro de 2023 a 17 de novembro de 2023. Hor\u00e1rio: Das 08:00 as 11:00 e das 13:00 as 16:00 horas Local: Secretaria Municipal de A\u00e7\u00e3o Social de Alcin\u00f3polis MS, (Av. Virg\u00edlio Jos\u00e9 Carneiro, n\u00ba 1043, Centro).<\/em><\/p>\n<p><em>\u00a0<\/em><em>As inscri\u00e7\u00f5es ser\u00e3o recebidas, nas condi\u00e7\u00f5es previstas na LEI N\u00ba 460\/2019, 16 DE OUTUBRO DE 2019 e suas altera\u00e7\u00f5es, implicando desde logo, o conhecimento e aceita\u00e7\u00e3o pelos interessados, das condi\u00e7\u00f5es estabelecidas no inteiro teor da referida legisla\u00e7\u00e3o.\u00a0<\/em><\/p>\n<p><em>As inscri\u00e7\u00f5es advindas deste CHAMAMENTO P\u00daBLICO, passar\u00e3o por avalia\u00e7\u00e3o da Assistente Social do SEMAS que emitir\u00e1 parecer social e em seguida ser\u00e3o submetidas a aprecia\u00e7\u00e3o do COMITE PERMANENTE do FMIS (Fundo Municipal de Investimento Social) que proceder\u00e1 a sele\u00e7\u00e3o e classifica\u00e7\u00e3o das fam\u00edlias comtempladas, segundo crit\u00e9rios da legisla\u00e7\u00e3o supracitada.\u00a0<\/em><\/p>\n<p><em>Maiores informa\u00e7\u00f5es na Secretaria Municipal de A\u00e7\u00e3o Social de Alcin\u00f3polis MS, nos hor\u00e1rios de expediente. Alcin\u00f3polis-MS, 23 de outubro de 2023.\u00a0<\/em><\/p>\n<p>ALCIR GON\u00c7ALVES DIAS<\/p>\n<p>Secret\u00e1rio Municipal de A\u00e7\u00e3o Social<\/p>\n<p>Portaria 065\/2023.<\/p>\n<p>&nbsp;<\/p>\n<p><a href=\"https:\/\/www.alcinopolis.ms.gov.br\/site\/wp-content\/uploads\/2023\/10\/Diario-Oficial-Eletronico-Edicao-no-1.343-23-10-23-Extra.pdf\"><strong>CLIQUE AQUI: <\/strong><\/a>Di\u00e1rio Oficial n\u00ba 1.343.<\/p>\n","protected":false},"excerpt":{"rendered":"<p>A Prefeitura Municipal de Alcin\u00f3polis, atrav\u00e9s da Secretaria Municipal de A\u00e7\u00e3o Social, divulgou hoje 23\/10, na EDI\u00c7\u00c3O EXTRA do Di\u00e1rio Oficial Eletr\u00f4nico n\u00ba 1.343, o CHAMAMENTO P\u00daBLICO 001\/2023 \u2013 SEMAS. Veja abaixo na integra!!!\u00a0 Alcir Gon\u00e7alves Dias, Secret\u00e1rio Municipal de A\u00e7\u00e3o Social, no uso de suas atribui\u00e7\u00f5es legais, torna p\u00fablica, para conhecimento dos interessados, a [&hellip;]<\/p>\n","protected":false},"author":4,"featured_media":254919,"comment_status":"closed","ping_status":"closed","sticky":false,"template":"","format":"standard","meta":{"footnotes":""},"categories":[18],"tags":[],"class_list":["post-254914","post","type-post","status-publish","format-standard","has-post-thumbnail","hentry","category-alcinopolis"],"_links":{"self":[{"href":"https:\/\/www.ocorreionews.com.br\/acervo-correio\/index.php?rest_route=\/wp\/v2\/posts\/254914","targetHints":{"allow":["GET"]}}],"collection":[{"href":"https:\/\/www.ocorreionews.com.br\/acervo-correio\/index.php?rest_route=\/wp\/v2\/posts"}],"about":[{"href":"https:\/\/www.ocorreionews.com.br\/acervo-correio\/index.php?rest_route=\/wp\/v2\/types\/post"}],"author":[{"embeddable":true,"href":"https:\/\/www.ocorreionews.com.br\/acervo-correio\/index.php?rest_route=\/wp\/v2\/users\/4"}],"replies":[{"embeddable":true,"href":"https:\/\/www.ocorreionews.com.br\/acervo-correio\/index.php?rest_route=%2Fwp%2Fv2%2Fcomments&post=254914"}],"version-history":[{"count":1,"href":"https:\/\/www.ocorreionews.com.br\/acervo-correio\/index.php?rest_route=\/wp\/v2\/posts\/254914\/revisions"}],"predecessor-version":[{"id":254920,"href":"https:\/\/www.ocorreionews.com.br\/acervo-correio\/index.php?rest_route=\/wp\/v2\/posts\/254914\/revisions\/254920"}],"wp:featuredmedia":[{"embeddable":true,"href":"https:\/\/www.ocorreionews.com.br\/acervo-correio\/index.php?rest_route=\/wp\/v2\/media\/254919"}],"wp:attachment":[{"href":"https:\/\/www.ocorreionews.com.br\/acervo-correio\/index.php?rest_route=%2Fwp%2Fv2%2Fmedia&parent=254914"}],"wp:term":[{"taxonomy":"category","embeddable":true,"href":"https:\/\/www.ocorreionews.com.br\/acervo-correio\/index.php?rest_route=%2Fwp%2Fv2%2Fcategories&post=254914"},{"taxonomy":"post_tag","embeddable":true,"href":"https:\/\/www.ocorreionews.com.br\/acervo-correio\/index.php?rest_route=%2Fwp%2Fv2%2Ftags&post=254914"}],"curies":[{"name":"wp","href":"https:\/\/api.w.org\/{rel}","templated":true}]}}