{"id":254918,"date":"2023-10-24T08:49:54","date_gmt":"2023-10-24T12:49:54","guid":{"rendered":"https:\/\/www.ocorreionews.com.br\/acervo-correio\/?p=254918"},"modified":"2023-10-24T08:49:54","modified_gmt":"2023-10-24T12:49:54","slug":"enem-2023-saiba-como-consultar-os-locais-de-prova-e-programa-se-para-nao-atrasar","status":"publish","type":"post","link":"https:\/\/www.ocorreionews.com.br\/acervo-correio\/?p=254918","title":{"rendered":"Enem 2023: Saiba como consultar os locais de prova e programa-se para n\u00e3o atrasar"},"content":{"rendered":"<p>Os locais de prova onde os candidatos far\u00e3o o Enem (Exame Nacional do Ensino M\u00e9dio) 2023 ser\u00e3o divulgados nesta ter\u00e7a-feira (24) pelo Inep (Instituto Nacional de Estudos e Pesquisas Educacionais An\u00edsio Teixeira).<\/p>\n<p>Para saber qual o local de prova do Enem, \u00e9 preciso entrar na <a href=\"https:\/\/enem.inep.gov.br\/participante\/#!\/\" target=\"_blank\" rel=\"noreferrer noopener\"><strong>P\u00e1gina do Participante, neste link<\/strong><\/a>, com seu login e senha, ir no menu lateral e clicar na op\u00e7\u00e3o \u201cAplica\u00e7\u00e3o&#8221; e depois, j\u00e1 no chat, clicar no bot\u00e3o azul \u201cLocal de prova\u201d.<\/p>\n<p>A informa\u00e7\u00e3o estar\u00e1 no cart\u00e3o de confirma\u00e7\u00e3o, junto com outros dados pessoais (n\u00famero de inscri\u00e7\u00e3o, data, hora e local de prova, e necessidade de atendimento especializado ou de tratamento por nome social).<\/p>\n<div><\/div>\n<div><\/div>\n<h2 id=\"h-nao-se-atrase-para-o-enem\" class=\"wp-block-heading\">N\u00e3o se atrase para o Enem<\/h2>\n<p>As provas do Enem 2023 acontecem nos dias 5 e 12 de novembro, em dois domingos consecutivos. Por isso, com o cart\u00e3o de confirma\u00e7\u00e3o em m\u00e3os, j\u00e1 \u00e9 poss\u00edvel se programar para n\u00e3o se atrasar nos dias da prova.<\/p>\n<p><strong>Confira os hor\u00e1rios em Mato Grosso do Sul:<\/strong><\/p>\n<ul>\n<li>Abertura dos port\u00f5es: 11h<\/li>\n<li>Fechamento dos port\u00f5es: 12h<\/li>\n<li>In\u00edcio das provas: 12h30<\/li>\n<li>T\u00e9rmino das provas no 1\u00ba dia: 18h<\/li>\n<li>T\u00e9rmino das provas no 2\u00ba dia: 17h30<\/li>\n<\/ul>\n<p>O gabarito ser\u00e1 divulgado no dia 24 de novembro e o resultado, apenas no dia 16 de janeiro de 2024.<\/p>\n<h2 class=\"wp-block-heading\">Enem 2023<\/h2>\n<p>No primeiro dia de provas do Enem, em 5 de novembro, ser\u00e3o aplicadas 45 quest\u00f5es da prova de Linguagens (40 de L\u00edngua Portuguesa e 5 de ingl\u00eas ou espanhol), al\u00e9m de 45 perguntas de Ci\u00eancias Humanas e Reda\u00e7\u00e3o.<\/p>\n<p>J\u00e1 no outro domingo, 12 de novembro, os estudantes respondem as 45 quest\u00f5es de Matem\u00e1tica e 45 de Ci\u00eancias da Natureza.<\/p>\n<p>&nbsp;<\/p>\n<div class=\"elementor-element elementor-element-1944f35 post-author elementor-widget__width-auto elementor-widget elementor-widget-shortcode\" data-id=\"1944f35\" data-element_type=\"widget\" data-widget_type=\"shortcode.default\">\n<div class=\"elementor-widget-container\">\n<div class=\"elementor-shortcode\">*F\u00e1bio Oru\u00ea, Midiamax<\/div>\n<\/div>\n<\/div>\n<div class=\"elementor-element elementor-element-ec9eab2 elementor-widget__width-auto elementor-widget elementor-widget-text-editor\" data-id=\"ec9eab2\" data-element_type=\"widget\" data-widget_type=\"text-editor.default\">\n<div class=\"elementor-widget-container\"><\/div>\n<\/div>\n","protected":false},"excerpt":{"rendered":"<p>Os locais de prova onde os candidatos far\u00e3o o Enem (Exame Nacional do Ensino M\u00e9dio) 2023 ser\u00e3o divulgados nesta ter\u00e7a-feira (24) pelo Inep (Instituto Nacional de Estudos e Pesquisas Educacionais An\u00edsio Teixeira). Para saber qual o local de prova do Enem, \u00e9 preciso entrar na P\u00e1gina do Participante, neste link, com seu login e senha, [&hellip;]<\/p>\n","protected":false},"author":5,"featured_media":196337,"comment_status":"closed","ping_status":"closed","sticky":false,"template":"","format":"standard","meta":{"footnotes":""},"categories":[27],"tags":[],"class_list":["post-254918","post","type-post","status-publish","format-standard","has-post-thumbnail","hentry","category-educacao"],"_links":{"self":[{"href":"https:\/\/www.ocorreionews.com.br\/acervo-correio\/index.php?rest_route=\/wp\/v2\/posts\/254918","targetHints":{"allow":["GET"]}}],"collection":[{"href":"https:\/\/www.ocorreionews.com.br\/acervo-correio\/index.php?rest_route=\/wp\/v2\/posts"}],"about":[{"href":"https:\/\/www.ocorreionews.com.br\/acervo-correio\/index.php?rest_route=\/wp\/v2\/types\/post"}],"author":[{"embeddable":true,"href":"https:\/\/www.ocorreionews.com.br\/acervo-correio\/index.php?rest_route=\/wp\/v2\/users\/5"}],"replies":[{"embeddable":true,"href":"https:\/\/www.ocorreionews.com.br\/acervo-correio\/index.php?rest_route=%2Fwp%2Fv2%2Fcomments&post=254918"}],"version-history":[{"count":1,"href":"https:\/\/www.ocorreionews.com.br\/acervo-correio\/index.php?rest_route=\/wp\/v2\/posts\/254918\/revisions"}],"predecessor-version":[{"id":254925,"href":"https:\/\/www.ocorreionews.com.br\/acervo-correio\/index.php?rest_route=\/wp\/v2\/posts\/254918\/revisions\/254925"}],"wp:featuredmedia":[{"embeddable":true,"href":"https:\/\/www.ocorreionews.com.br\/acervo-correio\/index.php?rest_route=\/wp\/v2\/media\/196337"}],"wp:attachment":[{"href":"https:\/\/www.ocorreionews.com.br\/acervo-correio\/index.php?rest_route=%2Fwp%2Fv2%2Fmedia&parent=254918"}],"wp:term":[{"taxonomy":"category","embeddable":true,"href":"https:\/\/www.ocorreionews.com.br\/acervo-correio\/index.php?rest_route=%2Fwp%2Fv2%2Fcategories&post=254918"},{"taxonomy":"post_tag","embeddable":true,"href":"https:\/\/www.ocorreionews.com.br\/acervo-correio\/index.php?rest_route=%2Fwp%2Fv2%2Ftags&post=254918"}],"curies":[{"name":"wp","href":"https:\/\/api.w.org\/{rel}","templated":true}]}}