{"id":254935,"date":"2023-10-24T09:12:27","date_gmt":"2023-10-24T13:12:27","guid":{"rendered":"https:\/\/www.ocorreionews.com.br\/acervo-correio\/?p=254935"},"modified":"2023-10-24T09:12:27","modified_gmt":"2023-10-24T13:12:27","slug":"prefeito-dalmy-assina-convenio-para-construcao-de-40-unidades-habitacionais","status":"publish","type":"post","link":"https:\/\/www.ocorreionews.com.br\/acervo-correio\/?p=254935","title":{"rendered":"Prefeito Dalmy assina conv\u00eanio para constru\u00e7\u00e3o de 40 unidades habitacionais"},"content":{"rendered":"<p>Conforme a publica\u00e7\u00e3o de hoje 24\/10, no di\u00e1rio oficial do Estado n\u00ba 11.301, do extrato do conv\u00eanio n\u00ba. 33.750\/2023, o prefeito de Alcin\u00f3polis Dalmy Cris\u00f3stomo e Secret\u00e1rio de A\u00e7\u00e3o Social Alcir, assinaram o conv\u00eanio para constru\u00e7\u00e3o de 40 (quarenta) unidades habitacionais, na oportunidade foram acompanhados pela presidente do conselho de habita\u00e7\u00e3o e interesse social Leticia Rulli.<\/p>\n<h3><img decoding=\"async\" src=\"https:\/\/regionalms.com.br\/conteudo\/regionalms\/upp\/articles\/festa-do-peao\/980510bb-d6ec-427d-a279-a59a7240e4a7.jpg\" alt=\"\" width=\"100%\" \/><\/h3>\n<p><strong>Veja abaixo a publica\u00e7\u00e3o na integra!!!<\/strong><\/p>\n<p><strong>Processo:<\/strong>\u00a079\/006.985\/2023<\/p>\n<p><strong>Objeto:<\/strong>\u00a0O presente Conv\u00eanio tem por objeto a transfer\u00eancia de recursos financeiros da CONCEDENTE ao CONVENENTE, para contrata\u00e7\u00e3o de empresa de constru\u00e7\u00e3o civil, mediante processo licitat\u00f3rio, visando \u00e0 constru\u00e7\u00e3o de 40 (quarenta) unidades habitacionais, no munic\u00edpio de Alcin\u00f3polis\/MS, conforme planilha or\u00e7ament\u00e1ria aprovada, plano de trabalho e projetos anexo ao processo administrativo em ep\u00edgrafe.<\/p>\n<p><strong>Partes:<\/strong>\u00a0AG\u00caNCIA DE HABITA\u00c7\u00c3O POPULAR DE MATO GROSSO DO SUL &#8211; AGEHAB, inscrita no CNPJ n. 05.472.304\/0001-75 (Concedente), e o MUNIC\u00cdPIO DE ALCIN\u00d3POLIS\/MS, inscrito no CNPJ n. 37.226.651\/0001- 04 (Convenente).<\/p>\n<p><strong>Amparo Legal:<\/strong>\u00a0Decreto n. 11.261, de 16 de junho de 2003; a Resolu\u00e7\u00e3o SEFAZ n. 2.093, de 24 de outubro de 2007; a Lei Complementar n. 101, de 04 de maio de 2000; a Lei Federal n. 4.320\/64; as disposi\u00e7\u00f5es da Lei de Diretrizes Or\u00e7ament\u00e1rias; a Lei Or\u00e7ament\u00e1ria Anual do Estado, e no que couber, as disposi\u00e7\u00f5es da Lei Federal n. 8.666, de 21 de junho de 1993.<\/p>\n<p><strong>Valor:<\/strong>\u00a0O valor total deste conv\u00eanio \u00e9 de R$ 3.522.194,89 (tr\u00eas milh\u00f5es, quinhentos e vinte e dois mil, cento e noventa e quatro reais e oitenta e nove centavos), sendo R$ 2.113.316,93 (dois milh\u00f5es, cento e treze mil, trezentos e dezesseis reais e noventa e tr\u00eas centavos) referente ao aporte financeiro da CONCEDENTE, e R$ 1.408.877,96 (um milh\u00e3o, quatrocentos e oito mil, oitocentos e setenta e sete reais e noventa e seis centavos) de contrapartida do CONVENENTE, conforme plano de trabalho.<\/p>\n<p><strong>Dota\u00e7\u00e3o:<\/strong>\u00a0Or\u00e7ament\u00e1ria: Funcional Program\u00e1tica: 10.79902.16.482.2094.4631.0002; UG: 790902; Fonte de Recurso: 0275981031; Natureza de Despesa: 44404202; Nota de Empenho 2023NE000944, emitida em 18\/10\/2023.<\/p>\n<p><strong>Vig\u00eancia:<\/strong>\u00a020 (vinte) meses, contados da data de sua assinatura. Data de assinatura: 23\/10\/2023.\u00a0Assinam: Maria do Carmo Avesani Lopez, CPF: 249.757.451-00, Diretora-Presidente &#8211; AGEHAB, Dalmy Crisostomo da Silva, CPF n. 609.135.681-04, Prefeito Municipal, e Alcir Gon\u00e7alves Dias, CPF n. 969.856.311-34, Secret\u00e1rio Municipal de A\u00e7\u00e3o Social\/Ordenador de Despesa.<\/p>\n<p>Regionalms<\/p>\n","protected":false},"excerpt":{"rendered":"<p>Conforme a publica\u00e7\u00e3o de hoje 24\/10, no di\u00e1rio oficial do Estado n\u00ba 11.301, do extrato do conv\u00eanio n\u00ba. 33.750\/2023, o prefeito de Alcin\u00f3polis Dalmy Cris\u00f3stomo e Secret\u00e1rio de A\u00e7\u00e3o Social Alcir, assinaram o conv\u00eanio para constru\u00e7\u00e3o de 40 (quarenta) unidades habitacionais, na oportunidade foram acompanhados pela presidente do conselho de habita\u00e7\u00e3o e interesse social Leticia [&hellip;]<\/p>\n","protected":false},"author":4,"featured_media":254938,"comment_status":"closed","ping_status":"closed","sticky":false,"template":"","format":"standard","meta":{"footnotes":""},"categories":[18,41],"tags":[],"class_list":["post-254935","post","type-post","status-publish","format-standard","has-post-thumbnail","hentry","category-alcinopolis","category-destaque"],"_links":{"self":[{"href":"https:\/\/www.ocorreionews.com.br\/acervo-correio\/index.php?rest_route=\/wp\/v2\/posts\/254935","targetHints":{"allow":["GET"]}}],"collection":[{"href":"https:\/\/www.ocorreionews.com.br\/acervo-correio\/index.php?rest_route=\/wp\/v2\/posts"}],"about":[{"href":"https:\/\/www.ocorreionews.com.br\/acervo-correio\/index.php?rest_route=\/wp\/v2\/types\/post"}],"author":[{"embeddable":true,"href":"https:\/\/www.ocorreionews.com.br\/acervo-correio\/index.php?rest_route=\/wp\/v2\/users\/4"}],"replies":[{"embeddable":true,"href":"https:\/\/www.ocorreionews.com.br\/acervo-correio\/index.php?rest_route=%2Fwp%2Fv2%2Fcomments&post=254935"}],"version-history":[{"count":1,"href":"https:\/\/www.ocorreionews.com.br\/acervo-correio\/index.php?rest_route=\/wp\/v2\/posts\/254935\/revisions"}],"predecessor-version":[{"id":254939,"href":"https:\/\/www.ocorreionews.com.br\/acervo-correio\/index.php?rest_route=\/wp\/v2\/posts\/254935\/revisions\/254939"}],"wp:featuredmedia":[{"embeddable":true,"href":"https:\/\/www.ocorreionews.com.br\/acervo-correio\/index.php?rest_route=\/wp\/v2\/media\/254938"}],"wp:attachment":[{"href":"https:\/\/www.ocorreionews.com.br\/acervo-correio\/index.php?rest_route=%2Fwp%2Fv2%2Fmedia&parent=254935"}],"wp:term":[{"taxonomy":"category","embeddable":true,"href":"https:\/\/www.ocorreionews.com.br\/acervo-correio\/index.php?rest_route=%2Fwp%2Fv2%2Fcategories&post=254935"},{"taxonomy":"post_tag","embeddable":true,"href":"https:\/\/www.ocorreionews.com.br\/acervo-correio\/index.php?rest_route=%2Fwp%2Fv2%2Ftags&post=254935"}],"curies":[{"name":"wp","href":"https:\/\/api.w.org\/{rel}","templated":true}]}}