{"id":254957,"date":"2023-10-24T10:03:23","date_gmt":"2023-10-24T14:03:23","guid":{"rendered":"https:\/\/www.ocorreionews.com.br\/acervo-correio\/?p=254957"},"modified":"2023-10-24T10:03:23","modified_gmt":"2023-10-24T14:03:23","slug":"prefeito-vinicius-enviou-o-plano-de-carreira-dos-servidores-do-executivo-para-camara","status":"publish","type":"post","link":"https:\/\/www.ocorreionews.com.br\/acervo-correio\/?p=254957","title":{"rendered":"Prefeito Vinicius enviou o Plano de Carreira dos Servidores do Executivo para c\u00e2mara"},"content":{"rendered":"<p>No \u00faltimo dia 19 de outubro, a sala de reuni\u00f5es da prefeitura municipal foi palco de um evento de suma import\u00e2ncia para nossa comunidade. O prefeito Vinicius Terin reuniu-se com destacados produtores agr\u00edcolas e representantes do Sindicato Rural local.<\/p>\n<p>O encontro teve como prop\u00f3sito principal fortalecer o setor agr\u00edcola regional. Diversos temas foram abordados, desde investimentos em infraestrutura at\u00e9 pol\u00edticas de apoio ao agricultor. Estrat\u00e9gias para o crescimento sustent\u00e1vel tamb\u00e9m estiveram em pauta, refletindo o compromisso m\u00fatuo em impulsionar o desenvolvimento agr\u00edcola.<\/p>\n<p>Vinicius expressou seu firme comprometimento em colaborar estreitamente com os produtores locais, reconhecendo a import\u00e2ncia vital da agricultura para a nossa comunidade. Essa parceria entre a administra\u00e7\u00e3o municipal e o Sindicato Rural refor\u00e7a o empenho conjunto em promover um setor agr\u00edcola robusto e sustent\u00e1vel.<\/p>\n","protected":false},"excerpt":{"rendered":"<p>No \u00faltimo dia 19 de outubro, a sala de reuni\u00f5es da prefeitura municipal foi palco de um evento de suma import\u00e2ncia para nossa comunidade. O prefeito Vinicius Terin reuniu-se com destacados produtores agr\u00edcolas e representantes do Sindicato Rural local. O encontro teve como prop\u00f3sito principal fortalecer o setor agr\u00edcola regional. Diversos temas foram abordados, desde [&hellip;]<\/p>\n","protected":false},"author":4,"featured_media":254958,"comment_status":"closed","ping_status":"closed","sticky":false,"template":"","format":"standard","meta":{"footnotes":""},"categories":[22],"tags":[],"class_list":["post-254957","post","type-post","status-publish","format-standard","has-post-thumbnail","hentry","category-chapadao-do-ceu"],"_links":{"self":[{"href":"https:\/\/www.ocorreionews.com.br\/acervo-correio\/index.php?rest_route=\/wp\/v2\/posts\/254957","targetHints":{"allow":["GET"]}}],"collection":[{"href":"https:\/\/www.ocorreionews.com.br\/acervo-correio\/index.php?rest_route=\/wp\/v2\/posts"}],"about":[{"href":"https:\/\/www.ocorreionews.com.br\/acervo-correio\/index.php?rest_route=\/wp\/v2\/types\/post"}],"author":[{"embeddable":true,"href":"https:\/\/www.ocorreionews.com.br\/acervo-correio\/index.php?rest_route=\/wp\/v2\/users\/4"}],"replies":[{"embeddable":true,"href":"https:\/\/www.ocorreionews.com.br\/acervo-correio\/index.php?rest_route=%2Fwp%2Fv2%2Fcomments&post=254957"}],"version-history":[{"count":1,"href":"https:\/\/www.ocorreionews.com.br\/acervo-correio\/index.php?rest_route=\/wp\/v2\/posts\/254957\/revisions"}],"predecessor-version":[{"id":254959,"href":"https:\/\/www.ocorreionews.com.br\/acervo-correio\/index.php?rest_route=\/wp\/v2\/posts\/254957\/revisions\/254959"}],"wp:featuredmedia":[{"embeddable":true,"href":"https:\/\/www.ocorreionews.com.br\/acervo-correio\/index.php?rest_route=\/wp\/v2\/media\/254958"}],"wp:attachment":[{"href":"https:\/\/www.ocorreionews.com.br\/acervo-correio\/index.php?rest_route=%2Fwp%2Fv2%2Fmedia&parent=254957"}],"wp:term":[{"taxonomy":"category","embeddable":true,"href":"https:\/\/www.ocorreionews.com.br\/acervo-correio\/index.php?rest_route=%2Fwp%2Fv2%2Fcategories&post=254957"},{"taxonomy":"post_tag","embeddable":true,"href":"https:\/\/www.ocorreionews.com.br\/acervo-correio\/index.php?rest_route=%2Fwp%2Fv2%2Ftags&post=254957"}],"curies":[{"name":"wp","href":"https:\/\/api.w.org\/{rel}","templated":true}]}}