{"id":254964,"date":"2023-10-24T10:27:41","date_gmt":"2023-10-24T14:27:41","guid":{"rendered":"https:\/\/www.ocorreionews.com.br\/acervo-correio\/?p=254964"},"modified":"2023-10-24T10:27:41","modified_gmt":"2023-10-24T14:27:41","slug":"governo-anuncia-aumento-do-mais-social-para-r-450","status":"publish","type":"post","link":"https:\/\/www.ocorreionews.com.br\/acervo-correio\/?p=254964","title":{"rendered":"Governo anuncia aumento do Mais Social para R$ 450"},"content":{"rendered":"<p>O governador de Mato Grosso do Sul, Eduardo Riedel (PSDB), anunciou aumento de R$ 300 para R$ 450 o valor a ser pago pelo programa Mais Social, que atende cerca de 80 mil fam\u00edlias no Estado. O aporte de R$ 150 passa a valer a partir de 2024. O Mais Social foi criado em abril de 2021, em plena pandemia da covid-19, para ajudar fam\u00edlias na compra de alimentos e g\u00e1s de cozinha.<\/p>\n<p>O an\u00fancio foi feito na noite desta segunda-feira (23), ap\u00f3s Riedel passar o dia em reuni\u00e3o no Rio de Janeiro, onde tamb\u00e9m se encontrou com o presidente do BNDES (Banco Nacional de Desenvolvimento Econ\u00f4mico e Social), Alo\u00edsio Mercadante. &#8220;Estou assinando projeto de lei para aumento do valor do Mais Social, compromisso que eu tenho com a inclus\u00e3o social da popula\u00e7\u00e3o do Mato Grosso do Sul mais carente&#8221;, pontuou.<\/p>\n<p>Riedel, ao comentar sobre o projeto, que agora segue para a Alems (Assembleia Legislativa de Mato Grosso do Sul), tamb\u00e9m afirmou que o programa ser\u00e1 reformulado. &#8220;Estamos ajustando para que ele atenda e chegue naqueles que realmente precisam, que est\u00e3o sem receber nenhum tipo de aux\u00edlio&#8221;, finalizou o gestor.<\/p>\n<figure style=\"width: 845px\" class=\"wp-caption aligncenter\"><img loading=\"lazy\" decoding=\"async\" class=\"img-fluid\" src=\"https:\/\/cdn6.campograndenews.com.br\/uploads\/noticias\/2023\/10\/24\/c2w2luoyffw8.jpeg\" sizes=\"auto, (min-width: 1024px) calc(.5 * (100vw - 21.875em)), 100vw\" srcset=\"https:\/\/cdn6.campograndenews.com.br\/uploads\/noticias\/2023\/10\/24\/19s8k6qzgriz1.jpeg 1024w, https:\/\/cdn6.campograndenews.com.br\/uploads\/noticias\/2023\/10\/24\/2l6orjkdbh2c0.jpeg 640w, https:\/\/cdn6.campograndenews.com.br\/uploads\/noticias\/2023\/10\/24\/c2w2luoyffw8.jpeg 320w\" alt=\"Governo prorroga dura\u00e7\u00e3o de programa que repassa aux\u00edlio para compra de alimentos. (Foto: Assessoria Governo\/ Arquivo)\" width=\"845\" height=\"492\" \/><figcaption class=\"wp-caption-text\">Governo prorroga dura\u00e7\u00e3o de programa que repassa aux\u00edlio para compra de alimentos. (Foto: Assessoria Governo\/ Arquivo)<\/figcaption><\/figure>\n<p>&nbsp;<\/p>\n<p>Hist\u00f3rico &#8211; No dia 13 de abril deste ano, o governo estadual publicou decreto prorrogando por mais um ano o programa \u201cMais Social\u201d, que foi criado em abril de 2021, em plena pandemia da covid-19, para ajudar fam\u00edlias. A bolsa, inicialmente de R$ 300, foi criada para auxiliar na compra de alimentos e g\u00e1s de cozinha.<\/p>\n<p>Quando foi criado, o programa teve anunciada a dura\u00e7\u00e3o de 24 meses, com possibilidade de prorroga\u00e7\u00e3o. Pelo decreto publicado, o per\u00edodo regular do programa foi elevado para 36 meses, com possibilidade de extens\u00e3o por igual per\u00edodo. Consta no texto que a manuten\u00e7\u00e3o do aux\u00edlio das fam\u00edlias pode chegar ao per\u00edodo m\u00e1ximo de 72 meses se a atualiza\u00e7\u00e3o cadastral revelar a necessidade dos benefici\u00e1rios.<\/p>\n<p>Entre os requisitos inclu\u00eddos para a an\u00e1lise da necessidade das pessoas est\u00e3o a renda per capita na fam\u00edlia, devendo ser de at\u00e9 meio sal\u00e1rio m\u00ednimo, a impossibilidade de participar de outro programa social estadual com igual finalidade e residir no Estado h\u00e1 pelo menos dois anos.<\/p>\n<p>A secret\u00e1ria de Estado de Assist\u00eancia Social e dos Direitos Humanos (Sead), Patr\u00edcia Cozzolino, explica ainda que nos 79 munic\u00edpios de Mato Grosso do Sul h\u00e1 coordena\u00e7\u00f5es pr\u00f3prias do Mais Social, o que facilita o acompanhamento do benefici\u00e1rio e sua evolu\u00e7\u00e3o com o apoio do programa. \u201cN\u00e3o s\u00f3 pagamos o benef\u00edcio, que \u00e9 disponibilizado em forma de cart\u00e3o de d\u00e9bito, mas tamb\u00e9m orientamos cada pessoa para que fa\u00e7a a utiliza\u00e7\u00e3o correta do Mais Social\u201d, pontuou.<\/p>\n<p>&nbsp;<\/p>\n<p>&nbsp;<\/p>\n<p>Por Dayene Paz &#8211; Campo Grande News<\/p>\n","protected":false},"excerpt":{"rendered":"<p>O governador de Mato Grosso do Sul, Eduardo Riedel (PSDB), anunciou aumento de R$ 300 para R$ 450 o valor a ser pago pelo programa Mais Social, que atende cerca de 80 mil fam\u00edlias no Estado. O aporte de R$ 150 passa a valer a partir de 2024. O Mais Social foi criado em abril [&hellip;]<\/p>\n","protected":false},"author":5,"featured_media":237938,"comment_status":"closed","ping_status":"closed","sticky":false,"template":"","format":"standard","meta":{"footnotes":""},"categories":[37],"tags":[],"class_list":["post-254964","post","type-post","status-publish","format-standard","has-post-thumbnail","hentry","category-politica"],"_links":{"self":[{"href":"https:\/\/www.ocorreionews.com.br\/acervo-correio\/index.php?rest_route=\/wp\/v2\/posts\/254964","targetHints":{"allow":["GET"]}}],"collection":[{"href":"https:\/\/www.ocorreionews.com.br\/acervo-correio\/index.php?rest_route=\/wp\/v2\/posts"}],"about":[{"href":"https:\/\/www.ocorreionews.com.br\/acervo-correio\/index.php?rest_route=\/wp\/v2\/types\/post"}],"author":[{"embeddable":true,"href":"https:\/\/www.ocorreionews.com.br\/acervo-correio\/index.php?rest_route=\/wp\/v2\/users\/5"}],"replies":[{"embeddable":true,"href":"https:\/\/www.ocorreionews.com.br\/acervo-correio\/index.php?rest_route=%2Fwp%2Fv2%2Fcomments&post=254964"}],"version-history":[{"count":1,"href":"https:\/\/www.ocorreionews.com.br\/acervo-correio\/index.php?rest_route=\/wp\/v2\/posts\/254964\/revisions"}],"predecessor-version":[{"id":254965,"href":"https:\/\/www.ocorreionews.com.br\/acervo-correio\/index.php?rest_route=\/wp\/v2\/posts\/254964\/revisions\/254965"}],"wp:featuredmedia":[{"embeddable":true,"href":"https:\/\/www.ocorreionews.com.br\/acervo-correio\/index.php?rest_route=\/wp\/v2\/media\/237938"}],"wp:attachment":[{"href":"https:\/\/www.ocorreionews.com.br\/acervo-correio\/index.php?rest_route=%2Fwp%2Fv2%2Fmedia&parent=254964"}],"wp:term":[{"taxonomy":"category","embeddable":true,"href":"https:\/\/www.ocorreionews.com.br\/acervo-correio\/index.php?rest_route=%2Fwp%2Fv2%2Fcategories&post=254964"},{"taxonomy":"post_tag","embeddable":true,"href":"https:\/\/www.ocorreionews.com.br\/acervo-correio\/index.php?rest_route=%2Fwp%2Fv2%2Ftags&post=254964"}],"curies":[{"name":"wp","href":"https:\/\/api.w.org\/{rel}","templated":true}]}}