{"id":254994,"date":"2023-10-24T13:33:50","date_gmt":"2023-10-24T17:33:50","guid":{"rendered":"https:\/\/www.ocorreionews.com.br\/acervo-correio\/?p=254994"},"modified":"2023-10-24T13:33:50","modified_gmt":"2023-10-24T17:33:50","slug":"atingida-por-um-motorista-alcoolizado-ex-moradora-de-costa-rica-morre-em-acidente-de-transito-no-parana","status":"publish","type":"post","link":"https:\/\/www.ocorreionews.com.br\/acervo-correio\/?p=254994","title":{"rendered":"Atingida por um motorista alcoolizado, ex-moradora de Costa Rica morre em acidente de tr\u00e2nsito no Paran\u00e1"},"content":{"rendered":"<p>Poliani de Souza Borges, de 35 anos, se envolveu em um acidente no \u00faltimo s\u00e1bado (21) e acabou morrendo em decorr\u00eancia dos ferimentos no \u00faltimo domingo (22) no Instituto Dr. Feitosa em Tel\u00eamaco Borba (PR) onde estava internada. A v\u00edtima do acidente era moradora de Costa Rica (MS) onde ser\u00e1 sepultada.<\/p>\n<p>Conforme informa\u00e7\u00f5es apuradas pelo MS Todo Dia, Poliani estava trabalhando em Tel\u00eamaco Borba, onde vivia com seu esposo e ambos desempenhavam suas atividades em uma empresa localizada no munic\u00edpio. O corpo da v\u00edtima do grave acidente estava no Instituto M\u00e9dico-Legal (IML) de Ponta Grossa (PR).<\/p>\n<p>A Funer\u00e1ria Real Pax est\u00e1 fazendo o translado (Paran\u00e1\/Mato Grosso do Sul), com previs\u00e3o de chegar ainda na manh\u00e3 desta ter\u00e7a-feira (24).\u00a0 Logo estaremos trazendo mais informa\u00e7\u00e3o do hor\u00e1rio do vel\u00f3rio, que ser\u00e1 na veladoria municipal de Costa Rica.<\/p>\n<p><strong>Acidente\u00a0<\/strong><\/p>\n<p><img loading=\"lazy\" decoding=\"async\" class=\"galleryContainerItem aligncenter\" title=\"Imagem da Galeria\" src=\"https:\/\/cdn.interago.com.br\/img\/jpg\/w_1200_q_8\/355\/mc\/\/ACIDENTE\" alt=\"Imagem da Galeria\" width=\"603\" height=\"339\" data-fancybox=\"gallery_\" data-src=\"https:\/\/cdn.interago.com.br\/img\/jpg\/w_1200_q_8\/355\/mc\/\/ACIDENTE\" \/><\/p>\n<p>No \u00faltimo s\u00e1bado (21), Poliani de Souza, pilotava sua moto pela rua Canad\u00e1, em Tel\u00eamaco Borba (PR), quando foi atingida por um ve\u00edculo Volkswagen Gol. Poliani foi socorrida e encaminhada ao Instituto Dr. Feitosa, mesmo com todos os cuidados, ela n\u00e3o resistiu aos ferimentos e morreu no domingo (22).<\/p>\n<p>O motorista do VW Gol, cuja identidade n\u00e3o foi divulgada, foi submetido ao teste do etil\u00f4metro, que revelou um resultado alarmante de 0,87mg\/l de \u00e1lcool no sangue, muito acima do limite permitido por lei. Imediatamente, ele recebeu voz de pris\u00e3o e foi conduzido \u00e0 delegacia local.<\/p>\n<p><img loading=\"lazy\" decoding=\"async\" class=\"galleryContainerItem aligncenter\" title=\"Imagem da Galeria\" src=\"https:\/\/cdn.interago.com.br\/img\/jpg\/w_1200_q_8\/355\/mc\/\/ACIDENTE1\" alt=\"Imagem da Galeria\" width=\"605\" height=\"340\" data-fancybox=\"gallery_\" data-src=\"https:\/\/cdn.interago.com.br\/img\/jpg\/w_1200_q_8\/355\/mc\/\/ACIDENTE1\" \/><\/p>\n<p><strong>Em liberdade<\/strong><\/p>\n<p>Ap\u00f3s sua pris\u00e3o, o motorista embriagado passou por uma audi\u00eancia de cust\u00f3dia, presidida pelo delegado da Pol\u00edcia Civil, Dr. Jonas Avelar. Conforme a decis\u00e3o judicial, o motorista foi liberado mediante o pagamento de uma fian\u00e7a no valor de R$5 mil, o que permitir\u00e1 que ele aguarde o desenrolar do processo em liberdade.<\/p>\n<p><img loading=\"lazy\" decoding=\"async\" class=\"galleryContainerItem aligncenter\" title=\"Imagem da Galeria\" src=\"https:\/\/cdn.interago.com.br\/img\/jpg\/w_1200_q_8\/355\/mc\/\/ACIDENTE2\" alt=\"Imagem da Galeria\" width=\"597\" height=\"336\" data-fancybox=\"gallery_\" data-src=\"https:\/\/cdn.interago.com.br\/img\/jpg\/w_1200_q_8\/355\/mc\/\/ACIDENTE2\" \/><\/p>\n<p><img loading=\"lazy\" decoding=\"async\" class=\"galleryContainerItem aligncenter\" title=\"Imagem da Galeria\" src=\"https:\/\/cdn.interago.com.br\/img\/jpg\/w_1200_q_8\/355\/mc\/\/ACIDENTE4\" alt=\"Imagem da Galeria\" width=\"603\" height=\"339\" data-fancybox=\"gallery_\" data-src=\"https:\/\/cdn.interago.com.br\/img\/jpg\/w_1200_q_8\/355\/mc\/\/ACIDENTE4\" \/><\/p>\n<p>&nbsp;<\/p>\n<p>Fonte\/Fotos: Atento a Rede<\/p>\n","protected":false},"excerpt":{"rendered":"<p>Poliani de Souza Borges, de 35 anos, se envolveu em um acidente no \u00faltimo s\u00e1bado (21) e acabou morrendo em decorr\u00eancia dos ferimentos no \u00faltimo domingo (22) no Instituto Dr. Feitosa em Tel\u00eamaco Borba (PR) onde estava internada. A v\u00edtima do acidente era moradora de Costa Rica (MS) onde ser\u00e1 sepultada. Conforme informa\u00e7\u00f5es apuradas pelo [&hellip;]<\/p>\n","protected":false},"author":5,"featured_media":255000,"comment_status":"closed","ping_status":"closed","sticky":false,"template":"","format":"standard","meta":{"footnotes":""},"categories":[25],"tags":[],"class_list":["post-254994","post","type-post","status-publish","format-standard","has-post-thumbnail","hentry","category-costa-rica"],"_links":{"self":[{"href":"https:\/\/www.ocorreionews.com.br\/acervo-correio\/index.php?rest_route=\/wp\/v2\/posts\/254994","targetHints":{"allow":["GET"]}}],"collection":[{"href":"https:\/\/www.ocorreionews.com.br\/acervo-correio\/index.php?rest_route=\/wp\/v2\/posts"}],"about":[{"href":"https:\/\/www.ocorreionews.com.br\/acervo-correio\/index.php?rest_route=\/wp\/v2\/types\/post"}],"author":[{"embeddable":true,"href":"https:\/\/www.ocorreionews.com.br\/acervo-correio\/index.php?rest_route=\/wp\/v2\/users\/5"}],"replies":[{"embeddable":true,"href":"https:\/\/www.ocorreionews.com.br\/acervo-correio\/index.php?rest_route=%2Fwp%2Fv2%2Fcomments&post=254994"}],"version-history":[{"count":2,"href":"https:\/\/www.ocorreionews.com.br\/acervo-correio\/index.php?rest_route=\/wp\/v2\/posts\/254994\/revisions"}],"predecessor-version":[{"id":255002,"href":"https:\/\/www.ocorreionews.com.br\/acervo-correio\/index.php?rest_route=\/wp\/v2\/posts\/254994\/revisions\/255002"}],"wp:featuredmedia":[{"embeddable":true,"href":"https:\/\/www.ocorreionews.com.br\/acervo-correio\/index.php?rest_route=\/wp\/v2\/media\/255000"}],"wp:attachment":[{"href":"https:\/\/www.ocorreionews.com.br\/acervo-correio\/index.php?rest_route=%2Fwp%2Fv2%2Fmedia&parent=254994"}],"wp:term":[{"taxonomy":"category","embeddable":true,"href":"https:\/\/www.ocorreionews.com.br\/acervo-correio\/index.php?rest_route=%2Fwp%2Fv2%2Fcategories&post=254994"},{"taxonomy":"post_tag","embeddable":true,"href":"https:\/\/www.ocorreionews.com.br\/acervo-correio\/index.php?rest_route=%2Fwp%2Fv2%2Ftags&post=254994"}],"curies":[{"name":"wp","href":"https:\/\/api.w.org\/{rel}","templated":true}]}}