{"id":255008,"date":"2023-10-24T14:07:43","date_gmt":"2023-10-24T18:07:43","guid":{"rendered":"https:\/\/www.ocorreionews.com.br\/acervo-correio\/?p=255008"},"modified":"2023-10-24T14:07:43","modified_gmt":"2023-10-24T18:07:43","slug":"homem-e-preso-ao-tentar-assediar-sexualmente-duas-meninas-em-chapadao-do-sul","status":"publish","type":"post","link":"https:\/\/www.ocorreionews.com.br\/acervo-correio\/?p=255008","title":{"rendered":"Homem \u00e9 preso ao tentar assediar sexualmente duas meninas em Chapad\u00e3o do Sul\u00a0"},"content":{"rendered":"<p><span data-contrast=\"auto\">Seguran\u00e7a particulares de PM de Chapad\u00e3o do Sul agem r\u00e1pido e prende um homem de 45 anos que corria atras de duas meninas (13 e 11 anos) pedindo para beij\u00e1-las, na Pra\u00e7a de Eventos noite do \u00faltimo domingo (22).<\/span><span data-ccp-props=\"{&quot;134233117&quot;:false,&quot;134233118&quot;:false,&quot;201341983&quot;:0,&quot;335551550&quot;:1,&quot;335551620&quot;:1,&quot;335559685&quot;:0,&quot;335559737&quot;:0,&quot;335559738&quot;:0,&quot;335559739&quot;:160,&quot;335559740&quot;:259}\">\u00a0<\/span><\/p>\n<p><span data-contrast=\"auto\">Segundo informa\u00e7\u00f5es do Boletim de Ocorr\u00eancia, por volta das 23h10min, a Pol\u00edcia Militar realizava policiamento na Pra\u00e7a de Eventos durante as festividades do anivers\u00e1rio de Chapad\u00e3o do Sul, quando dois seguran\u00e7as que trabalhavam no evento, trouxeram o autor imobilizado e tamb\u00e9m duas meninas chorando.<\/span><span data-ccp-props=\"{&quot;134233117&quot;:false,&quot;134233118&quot;:false,&quot;201341983&quot;:0,&quot;335551550&quot;:1,&quot;335551620&quot;:1,&quot;335559685&quot;:0,&quot;335559737&quot;:0,&quot;335559738&quot;:0,&quot;335559739&quot;:160,&quot;335559740&quot;:259}\">\u00a0<\/span><\/p>\n<p><span data-contrast=\"auto\">Segundo relato das crian\u00e7as o autor estava correndo atr\u00e1s delas e quando se aproximou pediu \u201cum beijo\u201d, foi quando elas temendo o pior pediram socorro aos seguran\u00e7as. <\/span><span data-ccp-props=\"{&quot;134233117&quot;:false,&quot;134233118&quot;:false,&quot;201341983&quot;:0,&quot;335551550&quot;:1,&quot;335551620&quot;:1,&quot;335559685&quot;:0,&quot;335559737&quot;:0,&quot;335559738&quot;:0,&quot;335559739&quot;:160,&quot;335559740&quot;:259}\">\u00a0<\/span><\/p>\n<p><span data-contrast=\"auto\">O Autor relatou estar em liberdade condicional e diante dos fatos foi preso em flagrante e o mesmo foi encaminhado para a Delegacia de Pol\u00edcia.<\/span><span data-ccp-props=\"{&quot;134233117&quot;:false,&quot;134233118&quot;:false,&quot;201341983&quot;:0,&quot;335551550&quot;:1,&quot;335551620&quot;:1,&quot;335559685&quot;:0,&quot;335559737&quot;:0,&quot;335559738&quot;:0,&quot;335559739&quot;:160,&quot;335559740&quot;:259}\">\u00a0<\/span><\/p>\n","protected":false},"excerpt":{"rendered":"<p>Seguran\u00e7a particulares de PM de Chapad\u00e3o do Sul agem r\u00e1pido e prende um homem de 45 anos que corria atras de duas meninas (13 e 11 anos) pedindo para beij\u00e1-las, na Pra\u00e7a de Eventos noite do \u00faltimo domingo (22).\u00a0 Segundo informa\u00e7\u00f5es do Boletim de Ocorr\u00eancia, por volta das 23h10min, a Pol\u00edcia Militar realizava policiamento na [&hellip;]<\/p>\n","protected":false},"author":5,"featured_media":229309,"comment_status":"closed","ping_status":"closed","sticky":false,"template":"","format":"standard","meta":{"footnotes":""},"categories":[23,38],"tags":[],"class_list":["post-255008","post","type-post","status-publish","format-standard","has-post-thumbnail","hentry","category-chapadao-do-sul","category-policia"],"_links":{"self":[{"href":"https:\/\/www.ocorreionews.com.br\/acervo-correio\/index.php?rest_route=\/wp\/v2\/posts\/255008","targetHints":{"allow":["GET"]}}],"collection":[{"href":"https:\/\/www.ocorreionews.com.br\/acervo-correio\/index.php?rest_route=\/wp\/v2\/posts"}],"about":[{"href":"https:\/\/www.ocorreionews.com.br\/acervo-correio\/index.php?rest_route=\/wp\/v2\/types\/post"}],"author":[{"embeddable":true,"href":"https:\/\/www.ocorreionews.com.br\/acervo-correio\/index.php?rest_route=\/wp\/v2\/users\/5"}],"replies":[{"embeddable":true,"href":"https:\/\/www.ocorreionews.com.br\/acervo-correio\/index.php?rest_route=%2Fwp%2Fv2%2Fcomments&post=255008"}],"version-history":[{"count":1,"href":"https:\/\/www.ocorreionews.com.br\/acervo-correio\/index.php?rest_route=\/wp\/v2\/posts\/255008\/revisions"}],"predecessor-version":[{"id":255028,"href":"https:\/\/www.ocorreionews.com.br\/acervo-correio\/index.php?rest_route=\/wp\/v2\/posts\/255008\/revisions\/255028"}],"wp:featuredmedia":[{"embeddable":true,"href":"https:\/\/www.ocorreionews.com.br\/acervo-correio\/index.php?rest_route=\/wp\/v2\/media\/229309"}],"wp:attachment":[{"href":"https:\/\/www.ocorreionews.com.br\/acervo-correio\/index.php?rest_route=%2Fwp%2Fv2%2Fmedia&parent=255008"}],"wp:term":[{"taxonomy":"category","embeddable":true,"href":"https:\/\/www.ocorreionews.com.br\/acervo-correio\/index.php?rest_route=%2Fwp%2Fv2%2Fcategories&post=255008"},{"taxonomy":"post_tag","embeddable":true,"href":"https:\/\/www.ocorreionews.com.br\/acervo-correio\/index.php?rest_route=%2Fwp%2Fv2%2Ftags&post=255008"}],"curies":[{"name":"wp","href":"https:\/\/api.w.org\/{rel}","templated":true}]}}