{"id":255030,"date":"2023-10-24T14:30:31","date_gmt":"2023-10-24T18:30:31","guid":{"rendered":"https:\/\/www.ocorreionews.com.br\/acervo-correio\/?p=255030"},"modified":"2023-10-24T15:28:55","modified_gmt":"2023-10-24T19:28:55","slug":"apos-ingerirem-bebidas-alcoolicas-casal-entra-em-vias-de-fato-e-pm-de-costa-rica-e-acionada","status":"publish","type":"post","link":"https:\/\/www.ocorreionews.com.br\/acervo-correio\/?p=255030","title":{"rendered":"Ap\u00f3s ingerirem bebidas alco\u00f3licas casal entra em vias de fato e PM de Costa Rica \u00e9 acionada"},"content":{"rendered":"<p><span data-contrast=\"auto\">Na noite do \u00faltimo domingo (22), um casal (Masculino, 37 anos e feminino, 28 anos), entraram em vias de fatos, ap\u00f3s uma discuss\u00e3o sobre trai\u00e7\u00e3o.<\/span><span data-ccp-props=\"{&quot;201341983&quot;:0,&quot;335559739&quot;:160,&quot;335559740&quot;:259}\">\u00a0<\/span><\/p>\n<p><span data-contrast=\"auto\">De acordo com Boletim de Ocorr\u00eancia, por volta das 23 horas, a\u00a0Pol\u00edcia Militar foi acionada a atender uma ocorr\u00eancia de viol\u00eancia dom\u00e9stica na Rua Santa Luzia.<\/span><span data-ccp-props=\"{&quot;201341983&quot;:0,&quot;335559739&quot;:160,&quot;335559740&quot;:259}\">\u00a0<\/span><\/p>\n<p><span data-contrast=\"auto\">No local a mulher relatou aos militares que seu companheiro estava alterado e entraram em vias de fato ap\u00f3s iniciar uma discuss\u00e3o de trai\u00e7\u00e3o. Ambos haviam ingerido bebidas alco\u00f3licas.<\/span><span data-ccp-props=\"{&quot;201341983&quot;:0,&quot;335559739&quot;:160,&quot;335559740&quot;:259}\">\u00a0<\/span><\/p>\n<p><span data-contrast=\"auto\">O casal foi encaminhado para a Delegacia de Pol\u00edcia para tomar as providencias cab\u00edveis.<\/span><span data-ccp-props=\"{&quot;201341983&quot;:0,&quot;335559739&quot;:160,&quot;335559740&quot;:259}\">\u00a0<\/span><\/p>\n","protected":false},"excerpt":{"rendered":"<p>Na noite do \u00faltimo domingo (22), um casal (Masculino, 37 anos e feminino, 28 anos), entraram em vias de fatos, ap\u00f3s uma discuss\u00e3o sobre trai\u00e7\u00e3o.\u00a0 De acordo com Boletim de Ocorr\u00eancia, por volta das 23 horas, a\u00a0Pol\u00edcia Militar foi acionada a atender uma ocorr\u00eancia de viol\u00eancia dom\u00e9stica na Rua Santa Luzia.\u00a0 No local a mulher [&hellip;]<\/p>\n","protected":false},"author":5,"featured_media":255033,"comment_status":"closed","ping_status":"closed","sticky":false,"template":"","format":"standard","meta":{"footnotes":""},"categories":[25,38],"tags":[],"class_list":["post-255030","post","type-post","status-publish","format-standard","has-post-thumbnail","hentry","category-costa-rica","category-policia"],"_links":{"self":[{"href":"https:\/\/www.ocorreionews.com.br\/acervo-correio\/index.php?rest_route=\/wp\/v2\/posts\/255030","targetHints":{"allow":["GET"]}}],"collection":[{"href":"https:\/\/www.ocorreionews.com.br\/acervo-correio\/index.php?rest_route=\/wp\/v2\/posts"}],"about":[{"href":"https:\/\/www.ocorreionews.com.br\/acervo-correio\/index.php?rest_route=\/wp\/v2\/types\/post"}],"author":[{"embeddable":true,"href":"https:\/\/www.ocorreionews.com.br\/acervo-correio\/index.php?rest_route=\/wp\/v2\/users\/5"}],"replies":[{"embeddable":true,"href":"https:\/\/www.ocorreionews.com.br\/acervo-correio\/index.php?rest_route=%2Fwp%2Fv2%2Fcomments&post=255030"}],"version-history":[{"count":2,"href":"https:\/\/www.ocorreionews.com.br\/acervo-correio\/index.php?rest_route=\/wp\/v2\/posts\/255030\/revisions"}],"predecessor-version":[{"id":255061,"href":"https:\/\/www.ocorreionews.com.br\/acervo-correio\/index.php?rest_route=\/wp\/v2\/posts\/255030\/revisions\/255061"}],"wp:featuredmedia":[{"embeddable":true,"href":"https:\/\/www.ocorreionews.com.br\/acervo-correio\/index.php?rest_route=\/wp\/v2\/media\/255033"}],"wp:attachment":[{"href":"https:\/\/www.ocorreionews.com.br\/acervo-correio\/index.php?rest_route=%2Fwp%2Fv2%2Fmedia&parent=255030"}],"wp:term":[{"taxonomy":"category","embeddable":true,"href":"https:\/\/www.ocorreionews.com.br\/acervo-correio\/index.php?rest_route=%2Fwp%2Fv2%2Fcategories&post=255030"},{"taxonomy":"post_tag","embeddable":true,"href":"https:\/\/www.ocorreionews.com.br\/acervo-correio\/index.php?rest_route=%2Fwp%2Fv2%2Ftags&post=255030"}],"curies":[{"name":"wp","href":"https:\/\/api.w.org\/{rel}","templated":true}]}}