{"id":255046,"date":"2023-10-24T14:45:58","date_gmt":"2023-10-24T18:45:58","guid":{"rendered":"https:\/\/www.ocorreionews.com.br\/acervo-correio\/?p=255046"},"modified":"2023-10-24T14:45:58","modified_gmt":"2023-10-24T18:45:58","slug":"prefeito-anizio-se-reune-com-vereadores-para-discutir-reducao-no-valor-da-taxa-do-lixo-para-2024","status":"publish","type":"post","link":"https:\/\/www.ocorreionews.com.br\/acervo-correio\/?p=255046","title":{"rendered":"Prefeito An\u00edzio se re\u00fane com vereadores para discutir redu\u00e7\u00e3o no valor da taxa do lixo para 2024"},"content":{"rendered":"<p dir=\"ltr\"><strong>O prefeito de Para\u00edso das \u00c1guas, An\u00edzio Andrade, reuniu-se no in\u00edcio da noite desta segunda-feira (23) com vereadores do munic\u00edpio para discutir possibilidades e a\u00e7\u00f5es para reduzir os valores cobrados pela Taxa do Lixo.<\/strong><\/p>\n<p>&nbsp;<\/p>\n<p dir=\"ltr\"><strong>Durante o encontro, o chefe do executivo municipal disse aos vereadores que todos devem se unir e elaborar em conjunto um plano para que a partir do pr\u00f3ximo ano o imposto cobrado \u00e0s fam\u00edlias paraisenses chegue a um valor mais baixo.<\/strong><\/p>\n<p>&nbsp;<\/p>\n<p dir=\"ltr\"><strong>\u201cA Taxa do Lixo \u00e9 uma cobran\u00e7a do Governo Federal a qual n\u00e3o podemos deixar de cobrar. Sabemos dessa responsabilidade e temos conhecimento de que se n\u00e3o cobrarmos o munic\u00edpio ser\u00e1 responsabilizado por isso, inclusive com o corte de recursos e investimentos que garantem nosso desenvolvimento. Por\u00e9m, n\u00e3o podemos nunca deixar de levar em conta que muitas pessoas de nossa cidade ter\u00e3o que se desdobrar para pagar esse imposto. No bolso das fam\u00edlias, 40 ou 50 reais por m\u00eas fazem muita falta, \u00e9 menos comida na mesa, \u00e9 menos coisas para casa\u201d, disse o prefeito.<\/strong><\/p>\n<p>&nbsp;<\/p>\n<p dir=\"ltr\"><strong>\u201cEsta \u00e9 uma primeira reuni\u00e3o para debatermos esse tema, para colocarmos na mesa nossas ideias, para que em 2024 a popula\u00e7\u00e3o pague menos e conte sempre com um servi\u00e7o de excel\u00eancia. \u00c9 papel do prefeito e dos vereadores achar uma sa\u00edda mais vi\u00e1vel e que garanta mais dinheiro no bolso do trabalhador\u201d, finalizou o prefeito.<\/strong><\/p>\n<p dir=\"ltr\">Diogo Rondon &#8211;<\/p>\n","protected":false},"excerpt":{"rendered":"<p>O prefeito de Para\u00edso das \u00c1guas, An\u00edzio Andrade, reuniu-se no in\u00edcio da noite desta segunda-feira (23) com vereadores do munic\u00edpio para discutir possibilidades e a\u00e7\u00f5es para reduzir os valores cobrados pela Taxa do Lixo. &nbsp; Durante o encontro, o chefe do executivo municipal disse aos vereadores que todos devem se unir e elaborar em conjunto [&hellip;]<\/p>\n","protected":false},"author":4,"featured_media":255048,"comment_status":"closed","ping_status":"closed","sticky":false,"template":"","format":"standard","meta":{"footnotes":""},"categories":[41],"tags":[],"class_list":["post-255046","post","type-post","status-publish","format-standard","has-post-thumbnail","hentry","category-destaque"],"_links":{"self":[{"href":"https:\/\/www.ocorreionews.com.br\/acervo-correio\/index.php?rest_route=\/wp\/v2\/posts\/255046","targetHints":{"allow":["GET"]}}],"collection":[{"href":"https:\/\/www.ocorreionews.com.br\/acervo-correio\/index.php?rest_route=\/wp\/v2\/posts"}],"about":[{"href":"https:\/\/www.ocorreionews.com.br\/acervo-correio\/index.php?rest_route=\/wp\/v2\/types\/post"}],"author":[{"embeddable":true,"href":"https:\/\/www.ocorreionews.com.br\/acervo-correio\/index.php?rest_route=\/wp\/v2\/users\/4"}],"replies":[{"embeddable":true,"href":"https:\/\/www.ocorreionews.com.br\/acervo-correio\/index.php?rest_route=%2Fwp%2Fv2%2Fcomments&post=255046"}],"version-history":[{"count":2,"href":"https:\/\/www.ocorreionews.com.br\/acervo-correio\/index.php?rest_route=\/wp\/v2\/posts\/255046\/revisions"}],"predecessor-version":[{"id":255053,"href":"https:\/\/www.ocorreionews.com.br\/acervo-correio\/index.php?rest_route=\/wp\/v2\/posts\/255046\/revisions\/255053"}],"wp:featuredmedia":[{"embeddable":true,"href":"https:\/\/www.ocorreionews.com.br\/acervo-correio\/index.php?rest_route=\/wp\/v2\/media\/255048"}],"wp:attachment":[{"href":"https:\/\/www.ocorreionews.com.br\/acervo-correio\/index.php?rest_route=%2Fwp%2Fv2%2Fmedia&parent=255046"}],"wp:term":[{"taxonomy":"category","embeddable":true,"href":"https:\/\/www.ocorreionews.com.br\/acervo-correio\/index.php?rest_route=%2Fwp%2Fv2%2Fcategories&post=255046"},{"taxonomy":"post_tag","embeddable":true,"href":"https:\/\/www.ocorreionews.com.br\/acervo-correio\/index.php?rest_route=%2Fwp%2Fv2%2Ftags&post=255046"}],"curies":[{"name":"wp","href":"https:\/\/api.w.org\/{rel}","templated":true}]}}