{"id":255060,"date":"2023-10-24T15:32:36","date_gmt":"2023-10-24T19:32:36","guid":{"rendered":"https:\/\/www.ocorreionews.com.br\/acervo-correio\/?p=255060"},"modified":"2023-10-24T15:32:36","modified_gmt":"2023-10-24T19:32:36","slug":"consumo-de-energia-dispara-com-onda-de-calor-e-impacta-bolso-do-consumidor-em-ms","status":"publish","type":"post","link":"https:\/\/www.ocorreionews.com.br\/acervo-correio\/?p=255060","title":{"rendered":"Consumo de energia dispara com onda de calor e impacta bolso do consumidor em MS"},"content":{"rendered":"<p>Todo o Mato Grosso do Sul tem vivenciado dias de muito calor, com a temperatura at\u00e9 5\u00b0C acima da m\u00e9dia, em consequ\u00eancia o uso de equipamentos de refrigera\u00e7\u00e3o s\u00e3o cada dia mais necess\u00e1rios. Diante do cen\u00e1rio em que o tempo &#8216;for\u00e7a&#8217; o uso de equipamentos e eletrodom\u00e9sticos, o Estado bateu recorde de consumo de energia el\u00e9trica em setembro e o consumidor come\u00e7a a sentir no bolso.<\/p>\n<p>Moradora de um apartamento no bairro Pioneiros, em Campo Grande, viu a conta de energia saltar de R$ 391 para R$ 700 entre agosto e outubro. Ela mora com o marido e tr\u00eas crian\u00e7as e afirma que a rotina n\u00e3o mudou apesar das altas temperaturas enfrentadas em Campo Grande.<\/p>\n<p>&#8220;As crian\u00e7as passam o dia na escola e a gente trabalhando, a rotina n\u00e3o muda, mas a conta n\u00e3o para de subir&#8221;, diz ela, que n\u00e3o sabe por que a conta de energia quase dobrou de <a class=\"st_tag internal_tag \" title=\"Not\u00edcias sobre pre\u00e7o\" href=\"https:\/\/midiamax.uol.com.br\/tag\/preco\/\" rel=\"tag\">pre\u00e7o<\/a> nos \u00faltimos meses.<\/p>\n<div><\/div>\n<div><\/div>\n<p>Vale ressaltar, que o calor afeta o uso de eletrodom\u00e9sticos como a geladeira, que \u00e9 &#8216;for\u00e7ada&#8217; a trabalhar mais. Por ser um dos equipamentos que mais afetamo consumo de energia da resid\u00eancia, \u00e9 um dos fatores que fazem a conta disparar mesmo em casas que n\u00e3o possuem o ar-condicionado.<\/p>\n<p>Em setembro, a <a class=\"st_tag internal_tag \" title=\"Not\u00edcias sobre Energisa\" href=\"https:\/\/midiamax.uol.com.br\/tag\/energisa\/\" rel=\"tag\">Energisa<\/a> registrou tr\u00eas picos de consumo com recordes seguidos. No dia 25 de setembro, registrou uso di\u00e1rio de 1.395 watts por hora e no dia seguinte, 26 de agosto, uma nova eleva\u00e7\u00e3o: 1.403 watts por hora.<\/p>\n<h2 class=\"wp-block-heading\">O que mais gasta energia?<\/h2>\n<p>Segundo o engenheiro eletricista Bruno Egues de Arruda, a energia \u00e9 necess\u00e1ria e indispens\u00e1vel. Durante o calor\u00e3o, se refrescar s\u00e3o alternativas que o morador busca, o que acaba gerando o gasto da luz, mas o grande &#8220;vil\u00e3o no consumo&#8221; continua sendo o ar condicionado.<\/p>\n<div><\/div>\n<div><\/div>\n<p>&#8220;Hoje em dia somente devemos reduzir o consumo em tempos de escassez. Devido \u00e0s tecnologias para gera\u00e7\u00e3o pr\u00f3pria, o custo da energia pode e deve ser compensado. Mas, ainda assim, devemos buscar equipamentos mais eficientes, com selo PROCEL (Programa Nacional de Conserva\u00e7\u00e3o de Energia El\u00e9trica) classifica\u00e7\u00e3o A de consumo, sendo o Ar-condicionado o maior consumidor, estes pode ser do tipo inverter mais eficientes, geladeira tamb\u00e9m. Quanto ao chuveiro [pode] utilizar sistema de Boiler&#8221;, orienta.<\/p>\n<h3 class=\"wp-block-heading\">O especialista lista os itens que geram mais gastos:<\/h3>\n<ol>\n<li>Ar-condicionado;<\/li>\n<li>Fog\u00e3o El\u00e9trico\/indu\u00e7\u00e3o;<\/li>\n<li>Geladeira;<\/li>\n<li>Chuveiro;<\/li>\n<li>Microondas;<\/li>\n<li>Forno El\u00e9trico;<\/li>\n<li>Air Fryer;<\/li>\n<li>Televis\u00e3o;<\/li>\n<li>Outros Eletrodom\u00e9sticos de cozinha;<\/li>\n<li>Ilumina\u00e7\u00e3o.<\/li>\n<\/ol>\n<h2 class=\"wp-block-heading\">\u00c9 poss\u00edvel monitorar o gasto?<\/h2>\n<p>Apesar da conta assustar muitos consumidores quando chega, \u00e9 poss\u00edvel monitorar o consumo de energia el\u00e9trica diariamente. Para isso \u00e9 necess\u00e1rio ficar de olho no rel\u00f3gio e controlando os gastos.<\/p>\n<p>A Energisa explica que, com a fatura anterior em m\u00e3os, o cliente verifica qual a leitura atual e subtrai da leitura que consta no medidor. Assim, ter\u00e1 o consumo registrado referente \u00e0 \u00faltima leitura at\u00e9 a data de monitora\u00e7\u00e3o feita por ele. Esse processo pode ser acompanhado diariamente pelo cliente e, assim, saber\u00e1 quanto consumiu por dia.<\/p>\n<div><\/div>\n<div><\/div>\n<p>Se a conta ficar pesada demais para o or\u00e7amento do m\u00eas, a concession\u00e1ria oferece maneiras de negocia\u00e7\u00e3o pelos canais digitais (Gisa, Energisa ON). Mas o cliente tamb\u00e9m pode procurar a concession\u00e1ria pessoalmente.<\/p>\n<h2 id=\"h-planejamento-familiar\" class=\"wp-block-heading\">Planejamento familiar<\/h2>\n<p>A economista e educadora de finan\u00e7as pessoais, Andreia Sarago\u00e7a, conta que antes de iniciar o planejamento, todos da fam\u00edlia devem se reunir para conversar sobre o assunto. O ideal \u00e9 que todos da casa definam objetivos com a redu\u00e7\u00e3o dos gastos, e se unam na \u2018for\u00e7a-tarefa\u2019 da economia.<\/p>\n<p>\u201cContas de \u00e1gua e luz s\u00e3o vari\u00e1veis, a gente paga pelo que usa. O ideal \u00e9 que gaste somente o necess\u00e1rio. Por exemplo, n\u00e3o fique 10 minutos no banho quente, n\u00e3o gastar \u00e1gua lavando cal\u00e7ada. Isso s\u00f3 \u00e9 poss\u00edvel quando todos na casa entendam a necessidade, n\u00e3o adianta um economizar. O uso precisa ser consciente, se a fam\u00edlia j\u00e1 definiu o objetivo, as atitudes que v\u00e3o fazer com que a conta seja mais barata. Por exemplo, pode deixar o ar condicionado ligado a noite inteira? O morador que vai analisar\u201d, explica.<\/p>\n<p>Outra dica \u00e9 evitar deixar aparelhos ligados \u00e0 tomada que n\u00e3o est\u00e3o usando, como o disjuntor do ar-condicionado, uma luz em ambiente j\u00e1 iluminado, banhos com o chuveiro el\u00e9trico demorado.<\/p>\n<p>&nbsp;<\/p>\n<p>&nbsp;<\/p>\n<div class=\"elementor-element elementor-element-1944f35 post-author elementor-widget__width-auto elementor-widget elementor-widget-shortcode\" data-id=\"1944f35\" data-element_type=\"widget\" data-widget_type=\"shortcode.default\">\n<div class=\"elementor-widget-container\">\n<div class=\"elementor-shortcode\">*Karina Campos e Priscilla Peres, Midiamax<\/div>\n<\/div>\n<\/div>\n<div class=\"elementor-element elementor-element-ec9eab2 elementor-widget__width-auto elementor-widget elementor-widget-text-editor\" data-id=\"ec9eab2\" data-element_type=\"widget\" data-widget_type=\"text-editor.default\">\n<div class=\"elementor-widget-container\"><\/div>\n<\/div>\n<p>&nbsp;<\/p>\n","protected":false},"excerpt":{"rendered":"<p>Todo o Mato Grosso do Sul tem vivenciado dias de muito calor, com a temperatura at\u00e9 5\u00b0C acima da m\u00e9dia, em consequ\u00eancia o uso de equipamentos de refrigera\u00e7\u00e3o s\u00e3o cada dia mais necess\u00e1rios. Diante do cen\u00e1rio em que o tempo &#8216;for\u00e7a&#8217; o uso de equipamentos e eletrodom\u00e9sticos, o Estado bateu recorde de consumo de energia [&hellip;]<\/p>\n","protected":false},"author":5,"featured_media":163234,"comment_status":"closed","ping_status":"closed","sticky":false,"template":"","format":"standard","meta":{"footnotes":""},"categories":[26],"tags":[],"class_list":["post-255060","post","type-post","status-publish","format-standard","has-post-thumbnail","hentry","category-economia"],"_links":{"self":[{"href":"https:\/\/www.ocorreionews.com.br\/acervo-correio\/index.php?rest_route=\/wp\/v2\/posts\/255060","targetHints":{"allow":["GET"]}}],"collection":[{"href":"https:\/\/www.ocorreionews.com.br\/acervo-correio\/index.php?rest_route=\/wp\/v2\/posts"}],"about":[{"href":"https:\/\/www.ocorreionews.com.br\/acervo-correio\/index.php?rest_route=\/wp\/v2\/types\/post"}],"author":[{"embeddable":true,"href":"https:\/\/www.ocorreionews.com.br\/acervo-correio\/index.php?rest_route=\/wp\/v2\/users\/5"}],"replies":[{"embeddable":true,"href":"https:\/\/www.ocorreionews.com.br\/acervo-correio\/index.php?rest_route=%2Fwp%2Fv2%2Fcomments&post=255060"}],"version-history":[{"count":1,"href":"https:\/\/www.ocorreionews.com.br\/acervo-correio\/index.php?rest_route=\/wp\/v2\/posts\/255060\/revisions"}],"predecessor-version":[{"id":255062,"href":"https:\/\/www.ocorreionews.com.br\/acervo-correio\/index.php?rest_route=\/wp\/v2\/posts\/255060\/revisions\/255062"}],"wp:featuredmedia":[{"embeddable":true,"href":"https:\/\/www.ocorreionews.com.br\/acervo-correio\/index.php?rest_route=\/wp\/v2\/media\/163234"}],"wp:attachment":[{"href":"https:\/\/www.ocorreionews.com.br\/acervo-correio\/index.php?rest_route=%2Fwp%2Fv2%2Fmedia&parent=255060"}],"wp:term":[{"taxonomy":"category","embeddable":true,"href":"https:\/\/www.ocorreionews.com.br\/acervo-correio\/index.php?rest_route=%2Fwp%2Fv2%2Fcategories&post=255060"},{"taxonomy":"post_tag","embeddable":true,"href":"https:\/\/www.ocorreionews.com.br\/acervo-correio\/index.php?rest_route=%2Fwp%2Fv2%2Ftags&post=255060"}],"curies":[{"name":"wp","href":"https:\/\/api.w.org\/{rel}","templated":true}]}}