{"id":255065,"date":"2023-10-24T16:07:06","date_gmt":"2023-10-24T20:07:06","guid":{"rendered":"https:\/\/www.ocorreionews.com.br\/acervo-correio\/?p=255065"},"modified":"2023-10-24T16:07:06","modified_gmt":"2023-10-24T20:07:06","slug":"pm-de-costa-rica-flagra-motociclista-com-droga-depois-que-ele-tentou-empreender-fuga","status":"publish","type":"post","link":"https:\/\/www.ocorreionews.com.br\/acervo-correio\/?p=255065","title":{"rendered":"PM de Costa Rica flagra motociclista com droga depois que ele tentou empreender fuga"},"content":{"rendered":"<p><span data-contrast=\"auto\">Na noite do \u00faltimo domingo (22), durante rondas de rotina a PM de Costa Rica flagrou um jovem de 22 anos em uma motocicleta sem as devidas documenta\u00e7\u00f5es e ainda com uma por\u00e7\u00e3o de coca\u00edna no bolso.<\/span><span data-ccp-props=\"{&quot;201341983&quot;:0,&quot;335559739&quot;:160,&quot;335559740&quot;:259}\">\u00a0<\/span><\/p>\n<p><span data-contrast=\"auto\">Segundo informa\u00e7\u00f5es do Boletim de Ocorr\u00eancia, por volta das 22h20min, a Pol\u00edcia Militar de Costa Rica realizava rondas nas imedia\u00e7\u00f5es da Rua Idione Pereira da Silva\u00a0quando visualizaram uma motocicleta, e que quando o piloto viu a viatura demonstrou nervosismo e come\u00e7ou a acelerar a moto tentando despistar os policiais, por\u00e9m sem \u00eaxito.<\/span><span data-ccp-props=\"{&quot;201341983&quot;:0,&quot;335559739&quot;:160,&quot;335559740&quot;:259}\">\u00a0<\/span><\/p>\n<p><span data-contrast=\"auto\">Durante a abordagem e revista pessoal foi localizado uma por\u00e7\u00e3o de coca\u00edna em seu bolso, al\u00e9m do jovem n\u00e3o possuir CNH e o licenciamento da moto estava atrasado. <\/span><span data-ccp-props=\"{&quot;201341983&quot;:0,&quot;335559739&quot;:160,&quot;335559740&quot;:259}\">\u00a0<\/span><\/p>\n<p><span data-contrast=\"auto\">Diante dos fatos os procedimentos de tr\u00e2nsito foram feitos e o autor foi conduzido at\u00e9 a Delegacia de Pol\u00edcia para as providencias cab\u00edveis.<\/span><span data-ccp-props=\"{&quot;201341983&quot;:0,&quot;335559739&quot;:160,&quot;335559740&quot;:259}\">\u00a0<\/span><\/p>\n","protected":false},"excerpt":{"rendered":"<p>Na noite do \u00faltimo domingo (22), durante rondas de rotina a PM de Costa Rica flagrou um jovem de 22 anos em uma motocicleta sem as devidas documenta\u00e7\u00f5es e ainda com uma por\u00e7\u00e3o de coca\u00edna no bolso.\u00a0 Segundo informa\u00e7\u00f5es do Boletim de Ocorr\u00eancia, por volta das 22h20min, a Pol\u00edcia Militar de Costa Rica realizava rondas [&hellip;]<\/p>\n","protected":false},"author":5,"featured_media":239804,"comment_status":"closed","ping_status":"closed","sticky":false,"template":"","format":"standard","meta":{"footnotes":""},"categories":[25,38],"tags":[],"class_list":["post-255065","post","type-post","status-publish","format-standard","has-post-thumbnail","hentry","category-costa-rica","category-policia"],"_links":{"self":[{"href":"https:\/\/www.ocorreionews.com.br\/acervo-correio\/index.php?rest_route=\/wp\/v2\/posts\/255065","targetHints":{"allow":["GET"]}}],"collection":[{"href":"https:\/\/www.ocorreionews.com.br\/acervo-correio\/index.php?rest_route=\/wp\/v2\/posts"}],"about":[{"href":"https:\/\/www.ocorreionews.com.br\/acervo-correio\/index.php?rest_route=\/wp\/v2\/types\/post"}],"author":[{"embeddable":true,"href":"https:\/\/www.ocorreionews.com.br\/acervo-correio\/index.php?rest_route=\/wp\/v2\/users\/5"}],"replies":[{"embeddable":true,"href":"https:\/\/www.ocorreionews.com.br\/acervo-correio\/index.php?rest_route=%2Fwp%2Fv2%2Fcomments&post=255065"}],"version-history":[{"count":1,"href":"https:\/\/www.ocorreionews.com.br\/acervo-correio\/index.php?rest_route=\/wp\/v2\/posts\/255065\/revisions"}],"predecessor-version":[{"id":255066,"href":"https:\/\/www.ocorreionews.com.br\/acervo-correio\/index.php?rest_route=\/wp\/v2\/posts\/255065\/revisions\/255066"}],"wp:featuredmedia":[{"embeddable":true,"href":"https:\/\/www.ocorreionews.com.br\/acervo-correio\/index.php?rest_route=\/wp\/v2\/media\/239804"}],"wp:attachment":[{"href":"https:\/\/www.ocorreionews.com.br\/acervo-correio\/index.php?rest_route=%2Fwp%2Fv2%2Fmedia&parent=255065"}],"wp:term":[{"taxonomy":"category","embeddable":true,"href":"https:\/\/www.ocorreionews.com.br\/acervo-correio\/index.php?rest_route=%2Fwp%2Fv2%2Fcategories&post=255065"},{"taxonomy":"post_tag","embeddable":true,"href":"https:\/\/www.ocorreionews.com.br\/acervo-correio\/index.php?rest_route=%2Fwp%2Fv2%2Ftags&post=255065"}],"curies":[{"name":"wp","href":"https:\/\/api.w.org\/{rel}","templated":true}]}}