{"id":255072,"date":"2023-10-24T16:57:28","date_gmt":"2023-10-24T20:57:28","guid":{"rendered":"https:\/\/www.ocorreionews.com.br\/acervo-correio\/?p=255072"},"modified":"2023-10-24T16:57:28","modified_gmt":"2023-10-24T20:57:28","slug":"homem-tenta-invadir-a-casa-da-ex-mas-e-agredido-com-uma-paulada-da-cabeca-em-chapadao-do-sul","status":"publish","type":"post","link":"https:\/\/www.ocorreionews.com.br\/acervo-correio\/?p=255072","title":{"rendered":"Homem tenta invadir a casa da \u201cEx\u201d mas \u00e9 agredido com uma paulada da cabe\u00e7a em Chapad\u00e3o do Sul"},"content":{"rendered":"<div class=\"OutlineElement Ltr SCXW131768898 BCX0\" style=\"margin: 0px; padding: 0px; user-select: text; -webkit-user-drag: none; -webkit-tap-highlight-color: transparent; overflow: visible; cursor: text; clear: both; position: relative; direction: ltr; color: #000000; font-family: 'Segoe UI', 'Segoe UI Web', Arial, Verdana, sans-serif; font-size: 12px;\"><span class=\"TextRun SCXW131768898 BCX0\" lang=\"PT-BR\" style=\"margin: 0px; padding: 0px; user-select: text; -webkit-user-drag: none; -webkit-tap-highlight-color: transparent; font-variant-ligatures: none !important; font-size: 11pt; line-height: 19.425px; font-family: Calibri, Calibri_EmbeddedFont, Calibri_MSFontService, sans-serif;\" xml:lang=\"PT-BR\" data-contrast=\"auto\">Um homem viaja de Costa Rica \u00e0 Chapad\u00e3o do Sul tenta invadir a casa da sua \u201cEX\u201d para pegar seu suposto celular que estava com ela, mas acaba agredido por outro morador do local.<\/span><span class=\"EOP SCXW131768898 BCX0\" style=\"margin: 0px; padding: 0px; user-select: text; -webkit-user-drag: none; -webkit-tap-highlight-color: transparent; font-size: 11pt; line-height: 19.425px; font-family: Calibri, Calibri_EmbeddedFont, Calibri_MSFontService, sans-serif;\" data-ccp-props=\"{&quot;201341983&quot;:0,&quot;335559739&quot;:160,&quot;335559740&quot;:259}\">\u00a0<\/span><\/div>\n<div class=\"OutlineElement Ltr SCXW131768898 BCX0\" style=\"margin: 0px; padding: 0px; user-select: text; -webkit-user-drag: none; -webkit-tap-highlight-color: transparent; overflow: visible; cursor: text; clear: both; position: relative; direction: ltr; color: #000000; font-family: 'Segoe UI', 'Segoe UI Web', Arial, Verdana, sans-serif; font-size: 12px;\"><span class=\"EOP SCXW131768898 BCX0\" style=\"margin: 0px; padding: 0px; user-select: text; -webkit-user-drag: none; -webkit-tap-highlight-color: transparent; font-size: 11pt; line-height: 19.425px; font-family: Calibri, Calibri_EmbeddedFont, Calibri_MSFontService, sans-serif;\" data-ccp-props=\"{&quot;201341983&quot;:0,&quot;335559739&quot;:160,&quot;335559740&quot;:259}\">\u00a0<\/span><\/div>\n<div class=\"OutlineElement Ltr SCXW131768898 BCX0\" style=\"margin: 0px; padding: 0px; user-select: text; -webkit-user-drag: none; -webkit-tap-highlight-color: transparent; overflow: visible; cursor: text; clear: both; position: relative; direction: ltr; color: #000000; font-family: 'Segoe UI', 'Segoe UI Web', Arial, Verdana, sans-serif; font-size: 12px;\"><span class=\"TextRun SCXW131768898 BCX0\" lang=\"PT-BR\" style=\"margin: 0px; padding: 0px; user-select: text; -webkit-user-drag: none; -webkit-tap-highlight-color: transparent; font-variant-ligatures: none !important; font-size: 11pt; line-height: 19.425px; font-family: Calibri, Calibri_EmbeddedFont, Calibri_MSFontService, sans-serif;\" xml:lang=\"PT-BR\" data-contrast=\"auto\"><span class=\"NormalTextRun SCXW131768898 BCX0\" style=\"margin: 0px; padding: 0px; user-select: text; -webkit-user-drag: none; -webkit-tap-highlight-color: transparent;\">De acordo com informa\u00e7\u00f5es retiradas do Boletim de Ocorr\u00eancia, por volta das 12h30min, a <\/span><span class=\"NormalTextRun SCXW131768898 BCX0\" style=\"margin: 0px; padding: 0px; user-select: text; -webkit-user-drag: none; -webkit-tap-highlight-color: transparent;\">Pol\u00edcia<\/span><span class=\"NormalTextRun SCXW131768898 BCX0\" style=\"margin: 0px; padding: 0px; user-select: text; -webkit-user-drag: none; -webkit-tap-highlight-color: transparent;\"> Militar de Chapad\u00e3o do Sul foi acionada para comparecer em uma resid\u00eancia no Bairro Sibipiruna, por uma solicitante relatando que havia ocorrido uma briga e vias de fato seguido de les\u00e3o corporal.<\/span><\/span><span class=\"EOP SCXW131768898 BCX0\" style=\"margin: 0px; padding: 0px; user-select: text; -webkit-user-drag: none; -webkit-tap-highlight-color: transparent; font-size: 11pt; line-height: 19.425px; font-family: Calibri, Calibri_EmbeddedFont, Calibri_MSFontService, sans-serif;\" data-ccp-props=\"{&quot;201341983&quot;:0,&quot;335559739&quot;:160,&quot;335559740&quot;:259}\">\u00a0<\/span><\/div>\n<div class=\"OutlineElement Ltr SCXW131768898 BCX0\" style=\"margin: 0px; padding: 0px; user-select: text; -webkit-user-drag: none; -webkit-tap-highlight-color: transparent; overflow: visible; cursor: text; clear: both; position: relative; direction: ltr; color: #000000; font-family: 'Segoe UI', 'Segoe UI Web', Arial, Verdana, sans-serif; font-size: 12px;\"><span class=\"EOP SCXW131768898 BCX0\" style=\"margin: 0px; padding: 0px; user-select: text; -webkit-user-drag: none; -webkit-tap-highlight-color: transparent; font-size: 11pt; line-height: 19.425px; font-family: Calibri, Calibri_EmbeddedFont, Calibri_MSFontService, sans-serif;\" data-ccp-props=\"{&quot;201341983&quot;:0,&quot;335559739&quot;:160,&quot;335559740&quot;:259}\">\u00a0<\/span><\/div>\n<div class=\"OutlineElement Ltr SCXW131768898 BCX0\" style=\"margin: 0px; padding: 0px; user-select: text; -webkit-user-drag: none; -webkit-tap-highlight-color: transparent; overflow: visible; cursor: text; clear: both; position: relative; direction: ltr; color: #000000; font-family: 'Segoe UI', 'Segoe UI Web', Arial, Verdana, sans-serif; font-size: 12px;\"><span class=\"TextRun SCXW131768898 BCX0\" lang=\"PT-BR\" style=\"margin: 0px; padding: 0px; user-select: text; -webkit-user-drag: none; -webkit-tap-highlight-color: transparent; font-variant-ligatures: none !important; font-size: 11pt; line-height: 19.425px; font-family: Calibri, Calibri_EmbeddedFont, Calibri_MSFontService, sans-serif;\" xml:lang=\"PT-BR\" data-contrast=\"auto\">Os miliares foram at\u00e9 o local, e encontraram o homem de 56 anos sentado em uma cadeira com cortes em sua cabe\u00e7a e testa, este relatou ter vindo da cidade de Costa Rica para pegar seu aparelho celular que estava com sua ex convivente, ele ent\u00e3o foi na resid\u00eancia de sua ex chamou por ela, mas n\u00e3o foi atendido, tendo em vista que ela mora nos fundos, ent\u00e3o ele invadiu a resid\u00eancia, momento que foi acertado com um peda\u00e7o de madeira por outro senhor de 55 anos. <\/span><span class=\"EOP SCXW131768898 BCX0\" style=\"margin: 0px; padding: 0px; user-select: text; -webkit-user-drag: none; -webkit-tap-highlight-color: transparent; font-size: 11pt; line-height: 19.425px; font-family: Calibri, Calibri_EmbeddedFont, Calibri_MSFontService, sans-serif;\" data-ccp-props=\"{&quot;201341983&quot;:0,&quot;335559739&quot;:160,&quot;335559740&quot;:259}\">\u00a0<\/span><\/div>\n<div class=\"OutlineElement Ltr SCXW131768898 BCX0\" style=\"margin: 0px; padding: 0px; user-select: text; -webkit-user-drag: none; -webkit-tap-highlight-color: transparent; overflow: visible; cursor: text; clear: both; position: relative; direction: ltr; color: #000000; font-family: 'Segoe UI', 'Segoe UI Web', Arial, Verdana, sans-serif; font-size: 12px;\"><span class=\"EOP SCXW131768898 BCX0\" style=\"margin: 0px; padding: 0px; user-select: text; -webkit-user-drag: none; -webkit-tap-highlight-color: transparent; font-size: 11pt; line-height: 19.425px; font-family: Calibri, Calibri_EmbeddedFont, Calibri_MSFontService, sans-serif;\" data-ccp-props=\"{&quot;201341983&quot;:0,&quot;335559739&quot;:160,&quot;335559740&quot;:259}\">\u00a0<\/span><\/div>\n<div class=\"OutlineElement Ltr SCXW131768898 BCX0\" style=\"margin: 0px; padding: 0px; user-select: text; -webkit-user-drag: none; -webkit-tap-highlight-color: transparent; overflow: visible; cursor: text; clear: both; position: relative; direction: ltr; color: #000000; font-family: 'Segoe UI', 'Segoe UI Web', Arial, Verdana, sans-serif; font-size: 12px;\"><span class=\"TextRun SCXW131768898 BCX0\" lang=\"PT-BR\" style=\"margin: 0px; padding: 0px; user-select: text; -webkit-user-drag: none; -webkit-tap-highlight-color: transparent; font-variant-ligatures: none !important; font-size: 11pt; line-height: 19.425px; font-family: Calibri, Calibri_EmbeddedFont, Calibri_MSFontService, sans-serif;\" xml:lang=\"PT-BR\" data-contrast=\"auto\">J\u00e1 o senhor de 55 anos narrou que o outro indiv\u00edduo entrou na resid\u00eancia bastante alterado e amea\u00e7ando sua ex que mora nos fundos, ele mandou que o homem de 56 anos sa\u00edsse de sua resid\u00eancia, como o pedido n\u00e3o foi atendido ent\u00e3o se iniciou a briga. <\/span><span class=\"EOP SCXW131768898 BCX0\" style=\"margin: 0px; padding: 0px; user-select: text; -webkit-user-drag: none; -webkit-tap-highlight-color: transparent; font-size: 11pt; line-height: 19.425px; font-family: Calibri, Calibri_EmbeddedFont, Calibri_MSFontService, sans-serif;\" data-ccp-props=\"{&quot;201341983&quot;:0,&quot;335559739&quot;:160,&quot;335559740&quot;:259}\">\u00a0<\/span><\/div>\n<div class=\"OutlineElement Ltr SCXW131768898 BCX0\" style=\"margin: 0px; padding: 0px; user-select: text; -webkit-user-drag: none; -webkit-tap-highlight-color: transparent; overflow: visible; cursor: text; clear: both; position: relative; direction: ltr; color: #000000; font-family: 'Segoe UI', 'Segoe UI Web', Arial, Verdana, sans-serif; font-size: 12px;\"><span class=\"EOP SCXW131768898 BCX0\" style=\"margin: 0px; padding: 0px; user-select: text; -webkit-user-drag: none; -webkit-tap-highlight-color: transparent; font-size: 11pt; line-height: 19.425px; font-family: Calibri, Calibri_EmbeddedFont, Calibri_MSFontService, sans-serif;\" data-ccp-props=\"{&quot;201341983&quot;:0,&quot;335559739&quot;:160,&quot;335559740&quot;:259}\">\u00a0<\/span><\/div>\n<div class=\"OutlineElement Ltr SCXW131768898 BCX0\" style=\"margin: 0px; padding: 0px; user-select: text; -webkit-user-drag: none; -webkit-tap-highlight-color: transparent; overflow: visible; cursor: text; clear: both; position: relative; direction: ltr; color: #000000; font-family: 'Segoe UI', 'Segoe UI Web', Arial, Verdana, sans-serif; font-size: 12px;\"><span class=\"TextRun SCXW131768898 BCX0\" lang=\"PT-BR\" style=\"margin: 0px; padding: 0px; user-select: text; -webkit-user-drag: none; -webkit-tap-highlight-color: transparent; font-variant-ligatures: none !important; font-size: 11pt; line-height: 19.425px; font-family: Calibri, Calibri_EmbeddedFont, Calibri_MSFontService, sans-serif;\" xml:lang=\"PT-BR\" data-contrast=\"auto\">A ex do homem de 56 anos relatou que recebe constantes amea\u00e7as dele e assim deseja solicitar uma medida protetiva contra o mesmo.<\/span><span class=\"EOP SCXW131768898 BCX0\" style=\"margin: 0px; padding: 0px; user-select: text; -webkit-user-drag: none; -webkit-tap-highlight-color: transparent; font-size: 11pt; line-height: 19.425px; font-family: Calibri, Calibri_EmbeddedFont, Calibri_MSFontService, sans-serif;\" data-ccp-props=\"{&quot;201341983&quot;:0,&quot;335559739&quot;:160,&quot;335559740&quot;:259}\">\u00a0<\/span><\/div>\n<div class=\"OutlineElement Ltr SCXW131768898 BCX0\" style=\"margin: 0px; padding: 0px; user-select: text; -webkit-user-drag: none; -webkit-tap-highlight-color: transparent; overflow: visible; cursor: text; clear: both; position: relative; direction: ltr; color: #000000; font-family: 'Segoe UI', 'Segoe UI Web', Arial, Verdana, sans-serif; font-size: 12px;\"><span class=\"TextRun SCXW131768898 BCX0\" lang=\"PT-BR\" style=\"margin: 0px; padding: 0px; user-select: text; -webkit-user-drag: none; -webkit-tap-highlight-color: transparent; font-variant-ligatures: none !important; font-size: 11pt; line-height: 19.425px; font-family: Calibri, Calibri_EmbeddedFont, Calibri_MSFontService, sans-serif;\" xml:lang=\"PT-BR\" data-contrast=\"auto\">Diante do ocorrido o homem ferido foi encaminhado para o Hospital Municipal e o Boletim de ocorr\u00eancia foi confeccionado e entregue na Delegacia para as providencias cab\u00edveis neste caso.<\/span><span class=\"EOP SCXW131768898 BCX0\" style=\"margin: 0px; padding: 0px; user-select: text; -webkit-user-drag: none; -webkit-tap-highlight-color: transparent; font-size: 11pt; line-height: 19.425px; font-family: Calibri, Calibri_EmbeddedFont, Calibri_MSFontService, sans-serif;\" data-ccp-props=\"{&quot;201341983&quot;:0,&quot;335559739&quot;:160,&quot;335559740&quot;:259}\">\u00a0<\/span><\/div>\n","protected":false},"excerpt":{"rendered":"<p>Um homem viaja de Costa Rica \u00e0 Chapad\u00e3o do Sul tenta invadir a casa da sua \u201cEX\u201d para pegar seu suposto celular que estava com ela, mas acaba agredido por outro morador do local.\u00a0 \u00a0 De acordo com informa\u00e7\u00f5es retiradas do Boletim de Ocorr\u00eancia, por volta das 12h30min, a Pol\u00edcia Militar de Chapad\u00e3o do Sul [&hellip;]<\/p>\n","protected":false},"author":5,"featured_media":158439,"comment_status":"closed","ping_status":"closed","sticky":false,"template":"","format":"standard","meta":{"footnotes":""},"categories":[23,38],"tags":[],"class_list":["post-255072","post","type-post","status-publish","format-standard","has-post-thumbnail","hentry","category-chapadao-do-sul","category-policia"],"_links":{"self":[{"href":"https:\/\/www.ocorreionews.com.br\/acervo-correio\/index.php?rest_route=\/wp\/v2\/posts\/255072","targetHints":{"allow":["GET"]}}],"collection":[{"href":"https:\/\/www.ocorreionews.com.br\/acervo-correio\/index.php?rest_route=\/wp\/v2\/posts"}],"about":[{"href":"https:\/\/www.ocorreionews.com.br\/acervo-correio\/index.php?rest_route=\/wp\/v2\/types\/post"}],"author":[{"embeddable":true,"href":"https:\/\/www.ocorreionews.com.br\/acervo-correio\/index.php?rest_route=\/wp\/v2\/users\/5"}],"replies":[{"embeddable":true,"href":"https:\/\/www.ocorreionews.com.br\/acervo-correio\/index.php?rest_route=%2Fwp%2Fv2%2Fcomments&post=255072"}],"version-history":[{"count":1,"href":"https:\/\/www.ocorreionews.com.br\/acervo-correio\/index.php?rest_route=\/wp\/v2\/posts\/255072\/revisions"}],"predecessor-version":[{"id":255073,"href":"https:\/\/www.ocorreionews.com.br\/acervo-correio\/index.php?rest_route=\/wp\/v2\/posts\/255072\/revisions\/255073"}],"wp:featuredmedia":[{"embeddable":true,"href":"https:\/\/www.ocorreionews.com.br\/acervo-correio\/index.php?rest_route=\/wp\/v2\/media\/158439"}],"wp:attachment":[{"href":"https:\/\/www.ocorreionews.com.br\/acervo-correio\/index.php?rest_route=%2Fwp%2Fv2%2Fmedia&parent=255072"}],"wp:term":[{"taxonomy":"category","embeddable":true,"href":"https:\/\/www.ocorreionews.com.br\/acervo-correio\/index.php?rest_route=%2Fwp%2Fv2%2Fcategories&post=255072"},{"taxonomy":"post_tag","embeddable":true,"href":"https:\/\/www.ocorreionews.com.br\/acervo-correio\/index.php?rest_route=%2Fwp%2Fv2%2Ftags&post=255072"}],"curies":[{"name":"wp","href":"https:\/\/api.w.org\/{rel}","templated":true}]}}