{"id":255079,"date":"2023-10-25T06:53:58","date_gmt":"2023-10-25T10:53:58","guid":{"rendered":"https:\/\/www.ocorreionews.com.br\/acervo-correio\/?p=255079"},"modified":"2023-10-25T06:53:58","modified_gmt":"2023-10-25T10:53:58","slug":"lancado-em-figueirao-importante-programa-de-saude","status":"publish","type":"post","link":"https:\/\/www.ocorreionews.com.br\/acervo-correio\/?p=255079","title":{"rendered":"Lan\u00e7ado em Figueir\u00e3o importante Programa de Sa\u00fade"},"content":{"rendered":"<p>Realizada na manh\u00e3 de hoje (24) no Gabinete do prefeito Juvenal Consolaro, reuni\u00e3o do lan\u00e7amento do Programa Municipal Sa\u00fade \u00cdntima, que consiste na distribui\u00e7\u00e3o de absorventes higi\u00eanicos e orienta\u00e7\u00f5es b\u00e1sicas de higiene e preven\u00e7\u00e3o de doen\u00e7as, que possibilitem melhorar a qualidade de vida e assegurar a frequ\u00eancia escolar das estudantes das escolas do munic\u00edpio.<\/p>\n<p>Ser\u00e3o contempladas no Programa as alunas dos \u00faltimos anos do Ensino Fundamental e do Ensino M\u00e9dio das seguintes escolas: Escola Municipal Professor Ant\u00f4nio In\u00e1cio Furtado- Polo, Extens\u00e3o Benedito Alves Bonfim na Comunidade Quilombola de Santa Tereza e Escola Estadual Dr. Arnaldo Estev\u00e3o de Figueiredo. O Programa t\u2019er\u00e1 o acompanhamento da enfermeira Jaicine Domingos Menezes, respons\u00e1vel pela Vigil\u00e2ncia em Sa\u00fade.<\/p>\n<p><img loading=\"lazy\" decoding=\"async\" class=\"alignnone wp-image-255081 size-full\" src=\"https:\/\/www.ocorreionews.com.br\/acervo-correio\/wp-content\/uploads\/2023\/10\/progrma-saude2.jpg\" alt=\"\" width=\"800\" height=\"369\" srcset=\"https:\/\/www.ocorreionews.com.br\/acervo-correio\/wp-content\/uploads\/2023\/10\/progrma-saude2.jpg 800w, https:\/\/www.ocorreionews.com.br\/acervo-correio\/wp-content\/uploads\/2023\/10\/progrma-saude2-300x138.jpg 300w, https:\/\/www.ocorreionews.com.br\/acervo-correio\/wp-content\/uploads\/2023\/10\/progrma-saude2-768x354.jpg 768w\" sizes=\"auto, (max-width: 800px) 100vw, 800px\" \/><\/p>\n<p>O prefeito Juvenal Consolaro, por meio da Secretaria Municipal de Sa\u00fade, visa proporcionar dignidade \u00e0s estudantes do munic\u00edpio no ciclo menstrual, considerando que algumas fam\u00edlias enfrentam vulnerabilidades socioecon\u00f4micas. As estudantes receber\u00e3o absorventes, garantindo a higiene e sa\u00fade \u00edntima. O Programa realizar\u00e1 a\u00e7\u00f5es intersetoriais com a distribui\u00e7\u00e3o dos absorventes higi\u00eanicos, reduzindo o impacto negativo no desempenho escolar.<\/p>\n<p>A Lei Municipal n\u00b0 465, de 03 de setembro de 2021, que instituiu o programa municipal de fornecimento de absorventes higi\u00eanicos, estabelece que o Poder Executivo, atrav\u00e9s da Secretaria Municipal de Sa\u00fade, viabilize a distribui\u00e7\u00e3o gratuita de absorventes higi\u00eanicos \u00e0s estudantes dos \u00faltimos anos do Ensino Fundamental e do Ensino M\u00e9dio das escolas do munic\u00edpio de Figueir\u00e3o.<\/p>\n<p>A Secretaria Municipal de Sa\u00fade de Figueir\u00e3o, sob a gest\u00e3o do secret\u00e1rio Pedro Ubiali, que \u00e9 respons\u00e1vel pela execu\u00e7\u00e3o do Programa Sa\u00fade \u00cdntima, realizou diagn\u00f3stico, aquisi\u00e7\u00e3o e promover\u00e1 a distribui\u00e7\u00e3o dos absorventes. A assistente social Olegna Andrea da Silva, que coordena o Programa Sa\u00fade \u00cdntima, articula com os dirigentes das unidades de Ensino a log\u00edstica e organiza\u00e7\u00e3o de distribui\u00e7\u00e3o. Mensalmente, cada estudante receber\u00e1 16 unidades de absorventes higi\u00eanicos.<\/p>\n<p>O secret\u00e1rio de Sa\u00fade enfatizou a import\u00e2ncia da sa\u00fade menstrual e o desejo do prefeito Juvenal Consolaro de que as estudantes tenham acesso a um produto de qualidade. Relatou que foi realizada coleta de dados, entrevistas sociais individualizadas e toda uma an\u00e1lise para se chegar a um\u00a0 diagn\u00f3stico para elabora\u00e7\u00e3o do Programa Sa\u00fade \u00cdntima.<\/p>\n<p>Presentes ao evento de lan\u00e7amento do programa: Primeira-dama Elenir Pereira, secret\u00e1rio de Sa\u00fade Pedro Alexandre Ubiali, assistente social da Sa\u00fade Olegna Andrea da Silva, secret\u00e1ria de Educa\u00e7\u00e3o Luciane Aimi, diretora da Escola Municipal Professor Ant\u00f4nio In\u00e1cio Furtado-Polo Elenice Cust\u00f3dio, enfermeira Jaicine Domingos Menezes e chefe de Gabinete Marinalva Paniago.<\/p>\n<p>Fonte\/Fotos: PMFigueir\u00e3o\/RubemVasconcellos<\/p>\n","protected":false},"excerpt":{"rendered":"<p>Realizada na manh\u00e3 de hoje (24) no Gabinete do prefeito Juvenal Consolaro, reuni\u00e3o do lan\u00e7amento do Programa Municipal Sa\u00fade \u00cdntima, que consiste na distribui\u00e7\u00e3o de absorventes higi\u00eanicos e orienta\u00e7\u00f5es b\u00e1sicas de higiene e preven\u00e7\u00e3o de doen\u00e7as, que possibilitem melhorar a qualidade de vida e assegurar a frequ\u00eancia escolar das estudantes das escolas do munic\u00edpio. Ser\u00e3o [&hellip;]<\/p>\n","protected":false},"author":4,"featured_media":255080,"comment_status":"closed","ping_status":"closed","sticky":false,"template":"","format":"standard","meta":{"footnotes":""},"categories":[30],"tags":[],"class_list":["post-255079","post","type-post","status-publish","format-standard","has-post-thumbnail","hentry","category-figueirao"],"_links":{"self":[{"href":"https:\/\/www.ocorreionews.com.br\/acervo-correio\/index.php?rest_route=\/wp\/v2\/posts\/255079","targetHints":{"allow":["GET"]}}],"collection":[{"href":"https:\/\/www.ocorreionews.com.br\/acervo-correio\/index.php?rest_route=\/wp\/v2\/posts"}],"about":[{"href":"https:\/\/www.ocorreionews.com.br\/acervo-correio\/index.php?rest_route=\/wp\/v2\/types\/post"}],"author":[{"embeddable":true,"href":"https:\/\/www.ocorreionews.com.br\/acervo-correio\/index.php?rest_route=\/wp\/v2\/users\/4"}],"replies":[{"embeddable":true,"href":"https:\/\/www.ocorreionews.com.br\/acervo-correio\/index.php?rest_route=%2Fwp%2Fv2%2Fcomments&post=255079"}],"version-history":[{"count":1,"href":"https:\/\/www.ocorreionews.com.br\/acervo-correio\/index.php?rest_route=\/wp\/v2\/posts\/255079\/revisions"}],"predecessor-version":[{"id":255082,"href":"https:\/\/www.ocorreionews.com.br\/acervo-correio\/index.php?rest_route=\/wp\/v2\/posts\/255079\/revisions\/255082"}],"wp:featuredmedia":[{"embeddable":true,"href":"https:\/\/www.ocorreionews.com.br\/acervo-correio\/index.php?rest_route=\/wp\/v2\/media\/255080"}],"wp:attachment":[{"href":"https:\/\/www.ocorreionews.com.br\/acervo-correio\/index.php?rest_route=%2Fwp%2Fv2%2Fmedia&parent=255079"}],"wp:term":[{"taxonomy":"category","embeddable":true,"href":"https:\/\/www.ocorreionews.com.br\/acervo-correio\/index.php?rest_route=%2Fwp%2Fv2%2Fcategories&post=255079"},{"taxonomy":"post_tag","embeddable":true,"href":"https:\/\/www.ocorreionews.com.br\/acervo-correio\/index.php?rest_route=%2Fwp%2Fv2%2Ftags&post=255079"}],"curies":[{"name":"wp","href":"https:\/\/api.w.org\/{rel}","templated":true}]}}