{"id":255097,"date":"2023-10-25T09:38:23","date_gmt":"2023-10-25T13:38:23","guid":{"rendered":"https:\/\/www.ocorreionews.com.br\/acervo-correio\/?p=255097"},"modified":"2023-10-25T09:38:23","modified_gmt":"2023-10-25T13:38:23","slug":"prefeitura-de-costa-rica-informa-que-a-rua-campos-sales-passa-a-ser-de-mao-unica","status":"publish","type":"post","link":"https:\/\/www.ocorreionews.com.br\/acervo-correio\/?p=255097","title":{"rendered":"Prefeitura de Costa Rica informa que a Rua Campos Sales passa a ser de m\u00e3o \u00fanica"},"content":{"rendered":"<div class=\"ntc_cont_descricao_noticia sw_txteditor\">A Prefeitura de Costa Rica, por meio do Demutran (Departamento Municipal de Tr\u00e2nsito), informa \u00e0 popula\u00e7\u00e3o que desde a ter\u00e7a-feira, 24 de outubro de 2023, houve uma altera\u00e7\u00e3o no tr\u00e1fego da Rua Campos Sales no bairro Jardim S\u00e3o Domingos.<\/p>\n<p>O trecho compreendido entre a Rua Jo\u00e3o Raimundo Justino e a Avenida Jos\u00e9 Ferreira da Costa passou a ser de m\u00e3o \u00fanica. Agora, o sentido \u00fanico ser\u00e1 bairro \/ Centro, passando em frente ao Bar do Para\u00edba em dire\u00e7\u00e3o \u00e0 Avenida. Quem desce pela a Avenida n\u00e3o tem mais acesso liberado.<\/p>\n<p>Essa medida tem como objetivo melhorar a seguran\u00e7a e a fluidez do tr\u00e2nsito nessa regi\u00e3o, proporcionando mais organiza\u00e7\u00e3o e efici\u00eancia no deslocamento dos ve\u00edculos.<\/p>\n<p>Pedimos a compreens\u00e3o e colabora\u00e7\u00e3o de todos os motoristas e pedestres para que respeitem e se adaptem a essa nova sinaliza\u00e7\u00e3o. Refor\u00e7amos a import\u00e2ncia de respeitar os limites de velocidade e as demais normas de tr\u00e2nsito para garantir a seguran\u00e7a de todos.<\/p>\n<p>Contamos com a colabora\u00e7\u00e3o da comunidade para que essa mudan\u00e7a seja bem recebida e efetiva. Em caso de d\u00favidas, entre em contato com o Demutran atrav\u00e9s do telefone: 3247-6968.<\/p>\n<p><img decoding=\"async\" class=\"imgcentraliza\" src=\"https:\/\/www.costarica.ms.gov.br\/fotos\/84af5e95d11d0fb7603469de67b6bcaa.png\" alt=\"Foto Noticia Principal Grande\" \/>\n<\/div>\n<div class=\"ntc_area_info_noticia sw_lato\">\n<div>\n<div class=\"ntc_info_noticia\"><strong class=\"sw_lato_black\">Fonte: <\/strong>Assecom \/ PMCR<\/div>\n<\/div>\n<\/div>\n","protected":false},"excerpt":{"rendered":"<p>A Prefeitura de Costa Rica, por meio do Demutran (Departamento Municipal de Tr\u00e2nsito), informa \u00e0 popula\u00e7\u00e3o que desde a ter\u00e7a-feira, 24 de outubro de 2023, houve uma altera\u00e7\u00e3o no tr\u00e1fego da Rua Campos Sales no bairro Jardim S\u00e3o Domingos. O trecho compreendido entre a Rua Jo\u00e3o Raimundo Justino e a Avenida Jos\u00e9 Ferreira da Costa [&hellip;]<\/p>\n","protected":false},"author":5,"featured_media":255099,"comment_status":"closed","ping_status":"closed","sticky":false,"template":"","format":"standard","meta":{"footnotes":""},"categories":[25],"tags":[],"class_list":["post-255097","post","type-post","status-publish","format-standard","has-post-thumbnail","hentry","category-costa-rica"],"_links":{"self":[{"href":"https:\/\/www.ocorreionews.com.br\/acervo-correio\/index.php?rest_route=\/wp\/v2\/posts\/255097","targetHints":{"allow":["GET"]}}],"collection":[{"href":"https:\/\/www.ocorreionews.com.br\/acervo-correio\/index.php?rest_route=\/wp\/v2\/posts"}],"about":[{"href":"https:\/\/www.ocorreionews.com.br\/acervo-correio\/index.php?rest_route=\/wp\/v2\/types\/post"}],"author":[{"embeddable":true,"href":"https:\/\/www.ocorreionews.com.br\/acervo-correio\/index.php?rest_route=\/wp\/v2\/users\/5"}],"replies":[{"embeddable":true,"href":"https:\/\/www.ocorreionews.com.br\/acervo-correio\/index.php?rest_route=%2Fwp%2Fv2%2Fcomments&post=255097"}],"version-history":[{"count":1,"href":"https:\/\/www.ocorreionews.com.br\/acervo-correio\/index.php?rest_route=\/wp\/v2\/posts\/255097\/revisions"}],"predecessor-version":[{"id":255100,"href":"https:\/\/www.ocorreionews.com.br\/acervo-correio\/index.php?rest_route=\/wp\/v2\/posts\/255097\/revisions\/255100"}],"wp:featuredmedia":[{"embeddable":true,"href":"https:\/\/www.ocorreionews.com.br\/acervo-correio\/index.php?rest_route=\/wp\/v2\/media\/255099"}],"wp:attachment":[{"href":"https:\/\/www.ocorreionews.com.br\/acervo-correio\/index.php?rest_route=%2Fwp%2Fv2%2Fmedia&parent=255097"}],"wp:term":[{"taxonomy":"category","embeddable":true,"href":"https:\/\/www.ocorreionews.com.br\/acervo-correio\/index.php?rest_route=%2Fwp%2Fv2%2Fcategories&post=255097"},{"taxonomy":"post_tag","embeddable":true,"href":"https:\/\/www.ocorreionews.com.br\/acervo-correio\/index.php?rest_route=%2Fwp%2Fv2%2Ftags&post=255097"}],"curies":[{"name":"wp","href":"https:\/\/api.w.org\/{rel}","templated":true}]}}