{"id":255105,"date":"2023-10-25T10:26:41","date_gmt":"2023-10-25T14:26:41","guid":{"rendered":"https:\/\/www.ocorreionews.com.br\/acervo-correio\/?p=255105"},"modified":"2023-10-25T10:26:41","modified_gmt":"2023-10-25T14:26:41","slug":"pmr-prende-motorista-embriagado-na-ms-223-em-costa-rica","status":"publish","type":"post","link":"https:\/\/www.ocorreionews.com.br\/acervo-correio\/?p=255105","title":{"rendered":"PMR prende motorista embriagado na MS-223 em Costa Rica"},"content":{"rendered":"<p>Na tarde do \u00faltimo s\u00e1bado (21), uma equipe da BPMRv prendeu um homem de 45 anos, que estava dirigindo pela rodovia MS-223 que liga as cidades de Costa Rica a Figueir\u00e3o sob influ\u00eancia de \u00e1lcool.<\/p>\n<p>Segundo informa\u00e7\u00f5es do Boletim de Ocorr\u00eancia, por volta das 15h30min, uma equipe da BPMRv da base de Chapad\u00e3o do Sul, composta pelos patrulheiros rodovi\u00e1rios SGT D\u00e1rio, CB Matheus e CB Godoy realizavam abordagens de rotina na rodovia MS223, que liga Costa Rica a Figueir\u00e3o, quando pararam um autom\u00f3vel \u00a0Toyota Corolla com um ocupante em seu interior.<\/p>\n<p>Ao iniciarem di\u00e1logo com o motorista, os militares j\u00e1 notaram forte odor et\u00edlico proveniente do interior do ve\u00edculo. Ent\u00e3o ele foi convidado a desembarcar e ao faz\u00ea-lo, demonstrou altera\u00e7\u00e3o no equil\u00edbrio, fala pastosa e marcha titubeante. Constatado a altera\u00e7\u00e3o psicomotora foi convidado a realizar o baf\u00f4metro, por\u00e9m ele recusou-se a fazer. Diante dos fatos foi-lhe dado voz de pris\u00e3o pelo crime de \u201cDirigir Ve\u00edculo Sob Influ\u00eancia de \u00c1lcool\u201d, sendo conduzido ileso a Delegacia de Pol\u00edcia de Costa Rica.<\/p>\n","protected":false},"excerpt":{"rendered":"<p>Na tarde do \u00faltimo s\u00e1bado (21), uma equipe da BPMRv prendeu um homem de 45 anos, que estava dirigindo pela rodovia MS-223 que liga as cidades de Costa Rica a Figueir\u00e3o sob influ\u00eancia de \u00e1lcool. Segundo informa\u00e7\u00f5es do Boletim de Ocorr\u00eancia, por volta das 15h30min, uma equipe da BPMRv da base de Chapad\u00e3o do Sul, [&hellip;]<\/p>\n","protected":false},"author":5,"featured_media":255098,"comment_status":"closed","ping_status":"closed","sticky":false,"template":"","format":"standard","meta":{"footnotes":""},"categories":[25,38],"tags":[],"class_list":["post-255105","post","type-post","status-publish","format-standard","has-post-thumbnail","hentry","category-costa-rica","category-policia"],"_links":{"self":[{"href":"https:\/\/www.ocorreionews.com.br\/acervo-correio\/index.php?rest_route=\/wp\/v2\/posts\/255105","targetHints":{"allow":["GET"]}}],"collection":[{"href":"https:\/\/www.ocorreionews.com.br\/acervo-correio\/index.php?rest_route=\/wp\/v2\/posts"}],"about":[{"href":"https:\/\/www.ocorreionews.com.br\/acervo-correio\/index.php?rest_route=\/wp\/v2\/types\/post"}],"author":[{"embeddable":true,"href":"https:\/\/www.ocorreionews.com.br\/acervo-correio\/index.php?rest_route=\/wp\/v2\/users\/5"}],"replies":[{"embeddable":true,"href":"https:\/\/www.ocorreionews.com.br\/acervo-correio\/index.php?rest_route=%2Fwp%2Fv2%2Fcomments&post=255105"}],"version-history":[{"count":1,"href":"https:\/\/www.ocorreionews.com.br\/acervo-correio\/index.php?rest_route=\/wp\/v2\/posts\/255105\/revisions"}],"predecessor-version":[{"id":255106,"href":"https:\/\/www.ocorreionews.com.br\/acervo-correio\/index.php?rest_route=\/wp\/v2\/posts\/255105\/revisions\/255106"}],"wp:featuredmedia":[{"embeddable":true,"href":"https:\/\/www.ocorreionews.com.br\/acervo-correio\/index.php?rest_route=\/wp\/v2\/media\/255098"}],"wp:attachment":[{"href":"https:\/\/www.ocorreionews.com.br\/acervo-correio\/index.php?rest_route=%2Fwp%2Fv2%2Fmedia&parent=255105"}],"wp:term":[{"taxonomy":"category","embeddable":true,"href":"https:\/\/www.ocorreionews.com.br\/acervo-correio\/index.php?rest_route=%2Fwp%2Fv2%2Fcategories&post=255105"},{"taxonomy":"post_tag","embeddable":true,"href":"https:\/\/www.ocorreionews.com.br\/acervo-correio\/index.php?rest_route=%2Fwp%2Fv2%2Ftags&post=255105"}],"curies":[{"name":"wp","href":"https:\/\/api.w.org\/{rel}","templated":true}]}}