{"id":255108,"date":"2023-10-25T11:01:51","date_gmt":"2023-10-25T15:01:51","guid":{"rendered":"https:\/\/www.ocorreionews.com.br\/acervo-correio\/?p=255108"},"modified":"2023-10-25T11:01:51","modified_gmt":"2023-10-25T15:01:51","slug":"pela-1a-vez-em-chapadao-do-sul-dia-02-de-dezembro-tem-show-com-os-baroes-da-pisadinha","status":"publish","type":"post","link":"https:\/\/www.ocorreionews.com.br\/acervo-correio\/?p=255108","title":{"rendered":"Pela 1\u00aa vez em Chapad\u00e3o do Sul dia 02 de dezembro t\u00eam show com Os Bar\u00f5es da Pisadinha"},"content":{"rendered":"<p>O Promoter de eventos Ary Barros traz mais um grande show para Chapad\u00e3o do Sul e desta vez pela primeira na cidade tem show com Os Bar\u00f5es da Pisadinha.<\/p>\n<p>O show acontecer\u00e1 dia de 02 de dezembro no Sal\u00e3o Paroquial de Chapad\u00e3o do Sul.<\/p>\n<p>Os Bar\u00f5es da Pisadinha com grande sucesso nacional com ritmos de piseiro e \u00e9 formada por Rodrigo Bar\u00e3o e Felipe Bar\u00e3o.<\/p>\n<p>Nos pr\u00f3ximos dias o Promoter Ary Barros ir\u00e1 divulgar os valores e os pontos de vendas dos ingressos e bangal\u00f4s.<\/p>\n<p>Maiores informa\u00e7\u00f5es sobre o evento (67) 9.9826-0111<\/p>\n<div style=\"width: 480px;\" class=\"wp-video\"><!--[if lt IE 9]><script>document.createElement('video');<\/script><![endif]-->\n<video class=\"wp-video-shortcode\" id=\"video-255108-1\" width=\"480\" height=\"848\" preload=\"metadata\" controls=\"controls\"><source type=\"video\/mp4\" src=\"https:\/\/www.ocorreionews.com.br\/acervo-correio\/wp-content\/uploads\/2023\/10\/WhatsApp-Video-2023-10-20-at-14.02.27.mp4?_=1\" \/><a href=\"https:\/\/www.ocorreionews.com.br\/acervo-correio\/wp-content\/uploads\/2023\/10\/WhatsApp-Video-2023-10-20-at-14.02.27.mp4\">https:\/\/www.ocorreionews.com.br\/acervo-correio\/wp-content\/uploads\/2023\/10\/WhatsApp-Video-2023-10-20-at-14.02.27.mp4<\/a><\/video><\/div>\n","protected":false},"excerpt":{"rendered":"<p>O Promoter de eventos Ary Barros traz mais um grande show para Chapad\u00e3o do Sul e desta vez pela primeira na cidade tem show com Os Bar\u00f5es da Pisadinha. O show acontecer\u00e1 dia de 02 de dezembro no Sal\u00e3o Paroquial de Chapad\u00e3o do Sul. Os Bar\u00f5es da Pisadinha com grande sucesso nacional com ritmos de [&hellip;]<\/p>\n","protected":false},"author":5,"featured_media":255112,"comment_status":"closed","ping_status":"closed","sticky":false,"template":"","format":"standard","meta":{"footnotes":""},"categories":[23,41],"tags":[],"class_list":["post-255108","post","type-post","status-publish","format-standard","has-post-thumbnail","hentry","category-chapadao-do-sul","category-destaque"],"_links":{"self":[{"href":"https:\/\/www.ocorreionews.com.br\/acervo-correio\/index.php?rest_route=\/wp\/v2\/posts\/255108","targetHints":{"allow":["GET"]}}],"collection":[{"href":"https:\/\/www.ocorreionews.com.br\/acervo-correio\/index.php?rest_route=\/wp\/v2\/posts"}],"about":[{"href":"https:\/\/www.ocorreionews.com.br\/acervo-correio\/index.php?rest_route=\/wp\/v2\/types\/post"}],"author":[{"embeddable":true,"href":"https:\/\/www.ocorreionews.com.br\/acervo-correio\/index.php?rest_route=\/wp\/v2\/users\/5"}],"replies":[{"embeddable":true,"href":"https:\/\/www.ocorreionews.com.br\/acervo-correio\/index.php?rest_route=%2Fwp%2Fv2%2Fcomments&post=255108"}],"version-history":[{"count":1,"href":"https:\/\/www.ocorreionews.com.br\/acervo-correio\/index.php?rest_route=\/wp\/v2\/posts\/255108\/revisions"}],"predecessor-version":[{"id":255113,"href":"https:\/\/www.ocorreionews.com.br\/acervo-correio\/index.php?rest_route=\/wp\/v2\/posts\/255108\/revisions\/255113"}],"wp:featuredmedia":[{"embeddable":true,"href":"https:\/\/www.ocorreionews.com.br\/acervo-correio\/index.php?rest_route=\/wp\/v2\/media\/255112"}],"wp:attachment":[{"href":"https:\/\/www.ocorreionews.com.br\/acervo-correio\/index.php?rest_route=%2Fwp%2Fv2%2Fmedia&parent=255108"}],"wp:term":[{"taxonomy":"category","embeddable":true,"href":"https:\/\/www.ocorreionews.com.br\/acervo-correio\/index.php?rest_route=%2Fwp%2Fv2%2Fcategories&post=255108"},{"taxonomy":"post_tag","embeddable":true,"href":"https:\/\/www.ocorreionews.com.br\/acervo-correio\/index.php?rest_route=%2Fwp%2Fv2%2Ftags&post=255108"}],"curies":[{"name":"wp","href":"https:\/\/api.w.org\/{rel}","templated":true}]}}