{"id":255137,"date":"2023-10-25T15:51:03","date_gmt":"2023-10-25T19:51:03","guid":{"rendered":"https:\/\/www.ocorreionews.com.br\/acervo-correio\/?p=255137"},"modified":"2023-10-25T15:51:03","modified_gmt":"2023-10-25T19:51:03","slug":"homem-e-preso-por-ameacar-sua-ex-esposa-em-chapadao-do-sul","status":"publish","type":"post","link":"https:\/\/www.ocorreionews.com.br\/acervo-correio\/?p=255137","title":{"rendered":"Homem \u00e9 preso por amea\u00e7ar sua ex esposa em Chapad\u00e3o do Sul"},"content":{"rendered":"<p><span data-contrast=\"auto\">Na noite da \u00faltima segunda-feira (23), um homem de 34 anos foi preso, por aceitar o t\u00e9rmino do seu relacionamento e amea\u00e7ar sua ex marido, na cidade de Chapad\u00e3o do Sul.<\/span><span data-ccp-props=\"{&quot;201341983&quot;:0,&quot;335559739&quot;:160,&quot;335559740&quot;:259}\">\u00a0<\/span><\/p>\n<p><span data-contrast=\"auto\">De acordo com informa\u00e7\u00f5es retiradas do Boletim de Ocorr\u00eancia, por volta das 19 horas, a Pol\u00edcia Militar foi acionada pela v\u00edtima de 38 anos para comparecer no Bairro Sibipiruna, onde a mesma relatou que estava sendo amea\u00e7ada pelo ex-marido, e que est\u00e1 em um novo relacionamento e n\u00e3o quer mais conviver com o autor. <\/span><span data-ccp-props=\"{&quot;201341983&quot;:0,&quot;335559739&quot;:160,&quot;335559740&quot;:259}\">\u00a0<\/span><\/p>\n<p><span data-contrast=\"auto\">Com a chegada dos militares no local, o autor com as m\u00e3os na cabe\u00e7a disse que era pra prend\u00ea-lo, que n\u00e3o tinha feito nada e que n\u00e3o iria resistir, pela amea\u00e7a e pelos relatos da v\u00edtima, ent\u00e3o foi dado voz de pris\u00e3o ao mesmo e em seguida encaminhado para delegacia.<\/span><\/p>\n","protected":false},"excerpt":{"rendered":"<p>Na noite da \u00faltima segunda-feira (23), um homem de 34 anos foi preso, por aceitar o t\u00e9rmino do seu relacionamento e amea\u00e7ar sua ex marido, na cidade de Chapad\u00e3o do Sul.\u00a0 De acordo com informa\u00e7\u00f5es retiradas do Boletim de Ocorr\u00eancia, por volta das 19 horas, a Pol\u00edcia Militar foi acionada pela v\u00edtima de 38 anos [&hellip;]<\/p>\n","protected":false},"author":5,"featured_media":247468,"comment_status":"closed","ping_status":"closed","sticky":false,"template":"","format":"standard","meta":{"footnotes":""},"categories":[23,38],"tags":[],"class_list":["post-255137","post","type-post","status-publish","format-standard","has-post-thumbnail","hentry","category-chapadao-do-sul","category-policia"],"_links":{"self":[{"href":"https:\/\/www.ocorreionews.com.br\/acervo-correio\/index.php?rest_route=\/wp\/v2\/posts\/255137","targetHints":{"allow":["GET"]}}],"collection":[{"href":"https:\/\/www.ocorreionews.com.br\/acervo-correio\/index.php?rest_route=\/wp\/v2\/posts"}],"about":[{"href":"https:\/\/www.ocorreionews.com.br\/acervo-correio\/index.php?rest_route=\/wp\/v2\/types\/post"}],"author":[{"embeddable":true,"href":"https:\/\/www.ocorreionews.com.br\/acervo-correio\/index.php?rest_route=\/wp\/v2\/users\/5"}],"replies":[{"embeddable":true,"href":"https:\/\/www.ocorreionews.com.br\/acervo-correio\/index.php?rest_route=%2Fwp%2Fv2%2Fcomments&post=255137"}],"version-history":[{"count":1,"href":"https:\/\/www.ocorreionews.com.br\/acervo-correio\/index.php?rest_route=\/wp\/v2\/posts\/255137\/revisions"}],"predecessor-version":[{"id":255140,"href":"https:\/\/www.ocorreionews.com.br\/acervo-correio\/index.php?rest_route=\/wp\/v2\/posts\/255137\/revisions\/255140"}],"wp:featuredmedia":[{"embeddable":true,"href":"https:\/\/www.ocorreionews.com.br\/acervo-correio\/index.php?rest_route=\/wp\/v2\/media\/247468"}],"wp:attachment":[{"href":"https:\/\/www.ocorreionews.com.br\/acervo-correio\/index.php?rest_route=%2Fwp%2Fv2%2Fmedia&parent=255137"}],"wp:term":[{"taxonomy":"category","embeddable":true,"href":"https:\/\/www.ocorreionews.com.br\/acervo-correio\/index.php?rest_route=%2Fwp%2Fv2%2Fcategories&post=255137"},{"taxonomy":"post_tag","embeddable":true,"href":"https:\/\/www.ocorreionews.com.br\/acervo-correio\/index.php?rest_route=%2Fwp%2Fv2%2Ftags&post=255137"}],"curies":[{"name":"wp","href":"https:\/\/api.w.org\/{rel}","templated":true}]}}