{"id":255182,"date":"2023-10-26T08:02:17","date_gmt":"2023-10-26T12:02:17","guid":{"rendered":"https:\/\/www.ocorreionews.com.br\/acervo-correio\/?p=255182"},"modified":"2023-10-26T08:33:39","modified_gmt":"2023-10-26T12:33:39","slug":"sertanejo-kauan-passa-por-cirurgia-apos-se-sentir-mal-em-show-dor-insuportavel","status":"publish","type":"post","link":"https:\/\/www.ocorreionews.com.br\/acervo-correio\/?p=255182","title":{"rendered":"Sertanejo Kauan passa por cirurgia ap\u00f3s se sentir mal em show: &#8216;Dor insuport\u00e1vel&#8217;"},"content":{"rendered":"<div id=\"chunk-e4nmu\">\n<div class=\"mc-column content-text active-extra-styles \" data-block-type=\"unstyled\" data-block-weight=\"50\" data-block-id=\"3\">\n<p class=\" content-text__container \" data-track-category=\"Link no Texto\" data-track-links=\"\">O cantor sertanejo Kauan, que faz dupla com Matheus, passou por uma cirurgia ap\u00f3s se sentir mal em um show. O goiano contou em seu Instagram que sentiu fisgadas na barriga, c\u00f3licas e se internou para exames <strong><em>. <\/em><\/strong>No hospital, os m\u00e9dicos avaliaram que ele deveria retirar a ves\u00edcula.<\/p>\n<p data-track-category=\"Link no Texto\" data-track-links=\"\">\n<\/div>\n<\/div>\n<div class=\"wall protected-content\">\n<div id=\"chunk-606du\">\n<div class=\"mc-column content-text active-extra-styles \" data-block-type=\"unstyled\" data-block-weight=\"47\" data-block-id=\"4\">\n<p class=\" content-text__container \" data-track-category=\"Link no Texto\" data-track-links=\"\">&#8220;Senti dores muito fortes essa semana em um show. N\u00e3o d\u00e1 nem pra explicar. Tive a crise, voltei pra casa depois do show, tomei medica\u00e7\u00e3o, ficou de boa, mas em casa tive outra e doeu muito [&#8230;] Tava insuport\u00e1vel a dor, n\u00e3o d\u00e1 nem pra explicar\u201d, desabafou.<\/p>\n<\/div>\n<\/div>\n<div id=\"chunk-al1io\">\n<div class=\"content-ads content-ads--reveal\" data-block-type=\"ads\" data-block-id=\"6\">\n<div><\/div>\n<\/div>\n<\/div>\n<div id=\"chunk-6st6k\">\n<div class=\"mc-column content-text active-extra-styles \" data-block-type=\"unstyled\" data-block-weight=\"47\" data-block-id=\"7\">\n<p class=\" content-text__container \" data-track-category=\"Link no Texto\" data-track-links=\"\">Kauan contou na \u00faltima quarta-feira (25) que fez a cirurgia em um hospital de S\u00e3o Paulo. No mesmo dia, em outras postagens, o cantor postou fotos recebendo alta hospitalar. Em 2015, o <strong>g1 <\/strong>mostrou que o cantor precisou fazer uma cirurgia para retirar pedra nos rins.<\/p>\n<p data-track-category=\"Link no Texto\" data-track-links=\"\">\n<p class=\" content-text__container \" data-track-category=\"Link no Texto\" data-track-links=\"\"><strong>Pedras na ves\u00edcula<\/strong><\/p>\n<p data-track-category=\"Link no Texto\" data-track-links=\"\">\n<\/div>\n<\/div>\n<div id=\"chunk-a8mag\">\n<div class=\"mc-column content-text active-extra-styles \" data-block-type=\"unstyled\" data-block-weight=\"20\" data-block-id=\"11\">\n<p class=\" content-text__container \" data-track-category=\"Link no Texto\" data-track-links=\"\">O cantor disse aos seguidores que a ves\u00edcula estava muito inflamada, com pedras, e o m\u00e9dico resolveu fazer a cirurgia.<\/p>\n<\/div>\n<\/div>\n<div id=\"chunk-ddeen\">\n<div class=\"mc-column content-text active-extra-styles\" data-block-type=\"raw\" data-block-weight=\"32\" data-block-id=\"12\">\n<blockquote class=\"content-blockquote theme-border-color-primary-before\"><p>\u201cAs dores que eu senti estavam muito fortes porque j\u00e1 tava muito inflamado e n\u00e3o poderia adiar, o m\u00e9dico falou que eu tinha que fazer logo. N\u00e3o teve como correr n\u00e3o\u201d, disse.<\/p><\/blockquote>\n<p>&nbsp;<\/p>\n<\/div>\n<\/div>\n<div id=\"chunk-f721t\">\n<div class=\"row medium-uncollapsed content-media content-photo\" data-block-type=\"backstage-photo\" data-block-id=\"13\">\n<div class=\" mc-column content-media__container\">\n<div class=\"content-media-container glb-skeleton-box\">\n<figure class=\"content-media-figure\">\n<p><figure style=\"width: 647px\" class=\"wp-caption aligncenter\"><img loading=\"lazy\" decoding=\"async\" class=\"i-amphtml-fill-content i-amphtml-replaced-content\" src=\"https:\/\/s2-g1.glbimg.com\/ExY_nv7BULf2ox0BA1JfSH9JI5c=\/0x0:459x276\/984x0\/smart\/filters:strip_icc()\/i.s3.glbimg.com\/v1\/AUTH_59edd422c0c84a879bd37670ae4f538a\/internal_photos\/bs\/2023\/Y\/Y\/iGNoPnR1AJ8tHt3zyLCw\/matheus-e-kauan.png\" sizes=\"auto, (max-width: 1366px) 648px, 100vw\" srcset=\"https:\/\/s2-g1.glbimg.com\/Txn_Y8dR9oIEUkB0FJr7d3YC7IY=\/0x0:459x276\/1000x0\/smart\/filters:strip_icc()\/i.s3.glbimg.com\/v1\/AUTH_59edd422c0c84a879bd37670ae4f538a\/internal_photos\/bs\/2023\/Y\/Y\/iGNoPnR1AJ8tHt3zyLCw\/matheus-e-kauan.png 1000w, https:\/\/s2-g1.glbimg.com\/ExY_nv7BULf2ox0BA1JfSH9JI5c=\/0x0:459x276\/984x0\/smart\/filters:strip_icc()\/i.s3.glbimg.com\/v1\/AUTH_59edd422c0c84a879bd37670ae4f538a\/internal_photos\/bs\/2023\/Y\/Y\/iGNoPnR1AJ8tHt3zyLCw\/matheus-e-kauan.png 984w, https:\/\/s2-g1.glbimg.com\/3fPyAutB0I4LLOUA7IVVHZGTe60=\/0x0:459x276\/640x0\/smart\/filters:strip_icc()\/i.s3.glbimg.com\/v1\/AUTH_59edd422c0c84a879bd37670ae4f538a\/internal_photos\/bs\/2023\/Y\/Y\/iGNoPnR1AJ8tHt3zyLCw\/matheus-e-kauan.png 640w, https:\/\/s2-g1.glbimg.com\/8VyRFXckW4AGuOyhoa7UQq1JIYc=\/0x0:459x276\/600x0\/smart\/filters:strip_icc()\/i.s3.glbimg.com\/v1\/AUTH_59edd422c0c84a879bd37670ae4f538a\/internal_photos\/bs\/2023\/Y\/Y\/iGNoPnR1AJ8tHt3zyLCw\/matheus-e-kauan.png 600w\" alt=\"A dupla Matheus e Kauan \u2014 Foto: Leo Franco\/AgNews\/Divulga\u00e7\u00e3o\" width=\"647\" height=\"389\" \/><figcaption class=\"wp-caption-text\">A dupla Matheus e Kauan \u2014 Foto: Leo Franco\/AgNews\/Divulga\u00e7\u00e3o<\/figcaption><\/figure><\/figure>\n<\/div>\n<p class=\"content-media__description \">\n<\/div>\n<\/div>\n<\/div>\n<div id=\"chunk-dpe77\">\n<div class=\"content-ads content-ads--reveal\" data-block-type=\"ads\" data-block-id=\"14\">\n<div id=\"banner_materia__b2ea6be7-bc0f-4814-a671-a4c8895ba8f8\" class=\"tag-manager-publicidade-container mc-has-reveal mc-has-ad-lazyload tag-manager-publicidade-banner_materia__b2ea6be7-bc0f-4814-a671-a4c8895ba8f8 tag-manager-publicidade-container--carregado tag-manager-publicidade-container--visivel\" data-id=\"banner_materia__b2ea6be7-bc0f-4814-a671-a4c8895ba8f8\" data-google-query-id=\"CPjF5NXUk4IDFdUxuQYdUdAKiQ\">\n<div id=\"google_ads_iframe_\/95377733\/tvg_G1\/Sua_Regiao&gt;Centro_Oeste&gt;Goias_4__container__\"><\/div>\n<\/div>\n<\/div>\n<\/div>\n<div id=\"chunk-aodi7\">\n<div class=\"mc-column content-text active-extra-styles \" data-block-type=\"unstyled\" data-block-weight=\"11\" data-block-id=\"15\">\n<p class=\" content-text__container \" data-track-category=\"Link no Texto\" data-track-links=\"\">Nos stories, ele deu detalhes aos f\u00e3s sobre o que aconteceu:<\/p>\n<\/div>\n<\/div>\n<div id=\"chunk-7hqe6\">\n<div class=\"mc-column content-text active-extra-styles \" data-block-type=\"unstyled\" data-block-weight=\"43\" data-block-id=\"16\">\n<p class=\" content-text__container \" data-track-category=\"Link no Texto\" data-track-links=\"\">&#8220;Deu tudo certo, estou de recupera\u00e7\u00e3o e tomando bastante rem\u00e9dio por causa das dores. Retirei a ves\u00edcula, tinha bastante pedra, estava inflada, foi complicado, mas deu tudo certo. Se Deus quiser vou para casa, recuperar de l\u00e1, tomar medica\u00e7\u00e3o e fico mais tranquilo.&#8221;<\/p>\n<\/div>\n<\/div>\n<\/div>\n<p data-track-category=\"Link no Texto\" data-track-links=\"\">\n<p data-track-category=\"Link no Texto\" data-track-links=\"\">\n<p class=\"content-publication-data__from\" title=\"Michel Gomes, g1 Goi\u00e1s\">Por Michel Gomes, g1 Goi\u00e1s<\/p>\n<div class=\"wall protected-content\">\n<div id=\"chunk-bnfm0\">\n<div class=\"row medium-uncollapsed content-media content-photo\" data-block-type=\"backstage-photo\" data-block-id=\"17\">\n<div class=\" mc-column content-media__container\">\n<p class=\"content-media__description \">\n<\/div>\n<\/div>\n<\/div>\n<\/div>\n","protected":false},"excerpt":{"rendered":"<p>O cantor sertanejo Kauan, que faz dupla com Matheus, passou por uma cirurgia ap\u00f3s se sentir mal em um show. O goiano contou em seu Instagram que sentiu fisgadas na barriga, c\u00f3licas e se internou para exames . No hospital, os m\u00e9dicos avaliaram que ele deveria retirar a ves\u00edcula. &#8220;Senti dores muito fortes essa semana [&hellip;]<\/p>\n","protected":false},"author":5,"featured_media":255183,"comment_status":"closed","ping_status":"closed","sticky":false,"template":"","format":"standard","meta":{"footnotes":""},"categories":[141],"tags":[],"class_list":["post-255182","post","type-post","status-publish","format-standard","has-post-thumbnail","hentry","category-goias"],"_links":{"self":[{"href":"https:\/\/www.ocorreionews.com.br\/acervo-correio\/index.php?rest_route=\/wp\/v2\/posts\/255182","targetHints":{"allow":["GET"]}}],"collection":[{"href":"https:\/\/www.ocorreionews.com.br\/acervo-correio\/index.php?rest_route=\/wp\/v2\/posts"}],"about":[{"href":"https:\/\/www.ocorreionews.com.br\/acervo-correio\/index.php?rest_route=\/wp\/v2\/types\/post"}],"author":[{"embeddable":true,"href":"https:\/\/www.ocorreionews.com.br\/acervo-correio\/index.php?rest_route=\/wp\/v2\/users\/5"}],"replies":[{"embeddable":true,"href":"https:\/\/www.ocorreionews.com.br\/acervo-correio\/index.php?rest_route=%2Fwp%2Fv2%2Fcomments&post=255182"}],"version-history":[{"count":2,"href":"https:\/\/www.ocorreionews.com.br\/acervo-correio\/index.php?rest_route=\/wp\/v2\/posts\/255182\/revisions"}],"predecessor-version":[{"id":255187,"href":"https:\/\/www.ocorreionews.com.br\/acervo-correio\/index.php?rest_route=\/wp\/v2\/posts\/255182\/revisions\/255187"}],"wp:featuredmedia":[{"embeddable":true,"href":"https:\/\/www.ocorreionews.com.br\/acervo-correio\/index.php?rest_route=\/wp\/v2\/media\/255183"}],"wp:attachment":[{"href":"https:\/\/www.ocorreionews.com.br\/acervo-correio\/index.php?rest_route=%2Fwp%2Fv2%2Fmedia&parent=255182"}],"wp:term":[{"taxonomy":"category","embeddable":true,"href":"https:\/\/www.ocorreionews.com.br\/acervo-correio\/index.php?rest_route=%2Fwp%2Fv2%2Fcategories&post=255182"},{"taxonomy":"post_tag","embeddable":true,"href":"https:\/\/www.ocorreionews.com.br\/acervo-correio\/index.php?rest_route=%2Fwp%2Fv2%2Ftags&post=255182"}],"curies":[{"name":"wp","href":"https:\/\/api.w.org\/{rel}","templated":true}]}}