{"id":255203,"date":"2023-10-26T10:19:49","date_gmt":"2023-10-26T14:19:49","guid":{"rendered":"https:\/\/www.ocorreionews.com.br\/acervo-correio\/?p=255203"},"modified":"2023-10-26T10:44:28","modified_gmt":"2023-10-26T14:44:28","slug":"policia-civil-de-alcinopolis-prende-autor-de-tentativa-de-latrocinio","status":"publish","type":"post","link":"https:\/\/www.ocorreionews.com.br\/acervo-correio\/?p=255203","title":{"rendered":"Pol\u00edcia Civil de Alcin\u00f3polis prende autor de tentativa de latroc\u00ednio"},"content":{"rendered":"<p>Um homem, identificado pelas iniciais D. D. S. L.,de 26 anos, foi preso pela Pol\u00edcia Civil de Alcin\u00f3polis (MS) nesta quarta-feira (25). A pris\u00e3o foi decorrente de um mandado expedido ap\u00f3s representa\u00e7\u00e3o da autoridade policial, em rela\u00e7\u00e3o a um crime de tentativa de latroc\u00ednio ocorrido no munic\u00edpio em 8 de junho deste ano.<\/p>\n<p>De acordo com informa\u00e7\u00f5es da pol\u00edcia, no caso de junho, a v\u00edtima, um homem de 43 anos, foi brutalmente atingida com pauladas, resultando em um traumatismo craniano.<\/p>\n<p>Ap\u00f3s meses de investiga\u00e7\u00e3o, a pol\u00edcia obteve provas substanciais que levaram \u00e0 emiss\u00e3o de um mandado de pris\u00e3o contra o suspeito, que foi capturado nesta quarta-feira.<\/p>\n<p>O homem preso foi encaminhado ao Estabelecimento Penal Masculino de Coxim, onde aguardar\u00e1 as pr\u00f3ximas etapas do processo legal.<\/p>\n<p>&nbsp;<\/p>\n<p>&nbsp;<\/p>\n<p>&nbsp;<\/p>\n<p>*MS Todo Dia<\/p>\n","protected":false},"excerpt":{"rendered":"<p>Um homem, identificado pelas iniciais D. D. S. L.,de 26 anos, foi preso pela Pol\u00edcia Civil de Alcin\u00f3polis (MS) nesta quarta-feira (25). A pris\u00e3o foi decorrente de um mandado expedido ap\u00f3s representa\u00e7\u00e3o da autoridade policial, em rela\u00e7\u00e3o a um crime de tentativa de latroc\u00ednio ocorrido no munic\u00edpio em 8 de junho deste ano. De acordo [&hellip;]<\/p>\n","protected":false},"author":5,"featured_media":230912,"comment_status":"closed","ping_status":"closed","sticky":false,"template":"","format":"standard","meta":{"footnotes":""},"categories":[18,38],"tags":[],"class_list":["post-255203","post","type-post","status-publish","format-standard","has-post-thumbnail","hentry","category-alcinopolis","category-policia"],"_links":{"self":[{"href":"https:\/\/www.ocorreionews.com.br\/acervo-correio\/index.php?rest_route=\/wp\/v2\/posts\/255203","targetHints":{"allow":["GET"]}}],"collection":[{"href":"https:\/\/www.ocorreionews.com.br\/acervo-correio\/index.php?rest_route=\/wp\/v2\/posts"}],"about":[{"href":"https:\/\/www.ocorreionews.com.br\/acervo-correio\/index.php?rest_route=\/wp\/v2\/types\/post"}],"author":[{"embeddable":true,"href":"https:\/\/www.ocorreionews.com.br\/acervo-correio\/index.php?rest_route=\/wp\/v2\/users\/5"}],"replies":[{"embeddable":true,"href":"https:\/\/www.ocorreionews.com.br\/acervo-correio\/index.php?rest_route=%2Fwp%2Fv2%2Fcomments&post=255203"}],"version-history":[{"count":1,"href":"https:\/\/www.ocorreionews.com.br\/acervo-correio\/index.php?rest_route=\/wp\/v2\/posts\/255203\/revisions"}],"predecessor-version":[{"id":255204,"href":"https:\/\/www.ocorreionews.com.br\/acervo-correio\/index.php?rest_route=\/wp\/v2\/posts\/255203\/revisions\/255204"}],"wp:featuredmedia":[{"embeddable":true,"href":"https:\/\/www.ocorreionews.com.br\/acervo-correio\/index.php?rest_route=\/wp\/v2\/media\/230912"}],"wp:attachment":[{"href":"https:\/\/www.ocorreionews.com.br\/acervo-correio\/index.php?rest_route=%2Fwp%2Fv2%2Fmedia&parent=255203"}],"wp:term":[{"taxonomy":"category","embeddable":true,"href":"https:\/\/www.ocorreionews.com.br\/acervo-correio\/index.php?rest_route=%2Fwp%2Fv2%2Fcategories&post=255203"},{"taxonomy":"post_tag","embeddable":true,"href":"https:\/\/www.ocorreionews.com.br\/acervo-correio\/index.php?rest_route=%2Fwp%2Fv2%2Ftags&post=255203"}],"curies":[{"name":"wp","href":"https:\/\/api.w.org\/{rel}","templated":true}]}}