{"id":255208,"date":"2023-10-26T13:21:53","date_gmt":"2023-10-26T17:21:53","guid":{"rendered":"https:\/\/www.ocorreionews.com.br\/acervo-correio\/?p=255208"},"modified":"2023-10-26T13:21:53","modified_gmt":"2023-10-26T17:21:53","slug":"banda-municipal-de-figueirao-recebeu-novos-uniformes","status":"publish","type":"post","link":"https:\/\/www.ocorreionews.com.br\/acervo-correio\/?p=255208","title":{"rendered":"Banda Municipal de Figueir\u00e3o recebeu novos uniformes"},"content":{"rendered":"<div dir=\"auto\">Na tarde da \u00faltima ter\u00e7a-feira (24), o prefeito de Figueir\u00e3o, Juvenal Consolaro, o vice-prefeito Jorge Mortari e a Secret\u00e1ria de Educa\u00e7\u00e3o, Luciane Aimi, acompanhados pelo maestro Ronildo dos Santos, fizeram a entrega oficial do uniforme completo da Banda Municipal de Percuss\u00e3o \u201cJo\u00e3o Malaquias da Silva\u201d.<\/div>\n<div dir=\"auto\"><\/div>\n<div dir=\"auto\">Atualmente, a Banda Municipal, que \u00e9 de responsabilidade da Secretaria de Educa\u00e7\u00e3o, Cultura, Esporte e Turismo, atende em seu projeto 50 alunos, e essa aquisi\u00e7\u00e3o de novos uniformes tem o intuito de dar mais conforto e elevar a autoestima dos alunos, al\u00e9m de enriquecer o visual da Banda. A \u00faltima aquisi\u00e7\u00e3o de uniformes havia sido realizada em 2013.<\/div>\n<div dir=\"auto\"><\/div>\n<div dir=\"auto\">Os novos uniformes foram confeccionados usando tecnologia avan\u00e7ada, para ser usado em diferentes ambientes sem que haja um aquecimento ou gere desconforto aos alunos. O uniforme tamb\u00e9m conta com fitas refletivas, gerando mais seguran\u00e7a e visibilidade da banda em deslocamentos, como desfiles e apresenta\u00e7\u00f5es. Sem falar na \u00f3tima qualidade dos cal\u00e7ados, todos em couro, sendo um diferencial de qualidade do produto.<\/div>\n<div dir=\"auto\"><\/div>\n<div dir=\"auto\">Foram investidos quase cem mil reais de recursos pr\u00f3prios na Banda Municipal.\u00a0\u201cEssas crian\u00e7as s\u00e3o o futuro. Por isso estamos tomando decis\u00f5es importantes para lhes proporcionar o melhor. Essa banda, reativada h\u00e1 apenas 5 meses, s\u00f3 traz orgulho para Figueir\u00e3o\u201d, disse o prefeito Juvenal.<\/div>\n<div dir=\"auto\"><\/div>\n<div dir=\"auto\">Fonte\/Fotos: PMFigueir\u00e3o\/RubemVasconcellos<\/div>\n","protected":false},"excerpt":{"rendered":"<p>Na tarde da \u00faltima ter\u00e7a-feira (24), o prefeito de Figueir\u00e3o, Juvenal Consolaro, o vice-prefeito Jorge Mortari e a Secret\u00e1ria de Educa\u00e7\u00e3o, Luciane Aimi, acompanhados pelo maestro Ronildo dos Santos, fizeram a entrega oficial do uniforme completo da Banda Municipal de Percuss\u00e3o \u201cJo\u00e3o Malaquias da Silva\u201d. Atualmente, a Banda Municipal, que \u00e9 de responsabilidade da Secretaria [&hellip;]<\/p>\n","protected":false},"author":4,"featured_media":255209,"comment_status":"closed","ping_status":"closed","sticky":false,"template":"","format":"standard","meta":{"footnotes":""},"categories":[30],"tags":[],"class_list":["post-255208","post","type-post","status-publish","format-standard","has-post-thumbnail","hentry","category-figueirao"],"_links":{"self":[{"href":"https:\/\/www.ocorreionews.com.br\/acervo-correio\/index.php?rest_route=\/wp\/v2\/posts\/255208","targetHints":{"allow":["GET"]}}],"collection":[{"href":"https:\/\/www.ocorreionews.com.br\/acervo-correio\/index.php?rest_route=\/wp\/v2\/posts"}],"about":[{"href":"https:\/\/www.ocorreionews.com.br\/acervo-correio\/index.php?rest_route=\/wp\/v2\/types\/post"}],"author":[{"embeddable":true,"href":"https:\/\/www.ocorreionews.com.br\/acervo-correio\/index.php?rest_route=\/wp\/v2\/users\/4"}],"replies":[{"embeddable":true,"href":"https:\/\/www.ocorreionews.com.br\/acervo-correio\/index.php?rest_route=%2Fwp%2Fv2%2Fcomments&post=255208"}],"version-history":[{"count":1,"href":"https:\/\/www.ocorreionews.com.br\/acervo-correio\/index.php?rest_route=\/wp\/v2\/posts\/255208\/revisions"}],"predecessor-version":[{"id":255210,"href":"https:\/\/www.ocorreionews.com.br\/acervo-correio\/index.php?rest_route=\/wp\/v2\/posts\/255208\/revisions\/255210"}],"wp:featuredmedia":[{"embeddable":true,"href":"https:\/\/www.ocorreionews.com.br\/acervo-correio\/index.php?rest_route=\/wp\/v2\/media\/255209"}],"wp:attachment":[{"href":"https:\/\/www.ocorreionews.com.br\/acervo-correio\/index.php?rest_route=%2Fwp%2Fv2%2Fmedia&parent=255208"}],"wp:term":[{"taxonomy":"category","embeddable":true,"href":"https:\/\/www.ocorreionews.com.br\/acervo-correio\/index.php?rest_route=%2Fwp%2Fv2%2Fcategories&post=255208"},{"taxonomy":"post_tag","embeddable":true,"href":"https:\/\/www.ocorreionews.com.br\/acervo-correio\/index.php?rest_route=%2Fwp%2Fv2%2Ftags&post=255208"}],"curies":[{"name":"wp","href":"https:\/\/api.w.org\/{rel}","templated":true}]}}