{"id":255211,"date":"2023-10-26T13:41:17","date_gmt":"2023-10-26T17:41:17","guid":{"rendered":"https:\/\/www.ocorreionews.com.br\/acervo-correio\/?p=255211"},"modified":"2023-10-26T13:41:17","modified_gmt":"2023-10-26T17:41:17","slug":"alcinopolis-realizou-mais-um-programa-acao-saude-meu-bairro-e-show","status":"publish","type":"post","link":"https:\/\/www.ocorreionews.com.br\/acervo-correio\/?p=255211","title":{"rendered":"Alcin\u00f3polis realizou mais um  programa \u201cA\u00e7\u00e3o + Sa\u00fade meu bairro \u00e9 show"},"content":{"rendered":"<p>A Secretaria Municipal de Sa\u00fade de Alcin\u00f3polis\u00a0 realizou o segundo evento do programa \u201cA\u00e7\u00e3o + Sa\u00fade meu bairro \u00e9 show.<\/p>\n<p>O evento aconteceu na pra\u00e7a central e contou com atendimentos m\u00e9dicos, agendamentos de consulta com especialistas, pesagem, orienta\u00e7\u00e3o alimentar, aula de aromaterapia, plantas medicinais, aferi\u00e7\u00e3o de press\u00e3o, vacina\u00e7\u00e3o, aula de zumba e funcional, entre outros. Al\u00e9m de atendimentos na \u00e1rea da sa\u00fade a crian\u00e7ada se divertiu com muitas brincadeiras e guloseimas.<\/p>\n<p><img loading=\"lazy\" decoding=\"async\" class=\"alignnone wp-image-255213 size-large\" src=\"https:\/\/www.ocorreionews.com.br\/acervo-correio\/wp-content\/uploads\/2023\/10\/PROGRAMA-MEU-BAIRRO3-1024x768.jpg\" alt=\"\" width=\"1024\" height=\"768\" srcset=\"https:\/\/www.ocorreionews.com.br\/acervo-correio\/wp-content\/uploads\/2023\/10\/PROGRAMA-MEU-BAIRRO3-1024x768.jpg 1024w, https:\/\/www.ocorreionews.com.br\/acervo-correio\/wp-content\/uploads\/2023\/10\/PROGRAMA-MEU-BAIRRO3-300x225.jpg 300w, https:\/\/www.ocorreionews.com.br\/acervo-correio\/wp-content\/uploads\/2023\/10\/PROGRAMA-MEU-BAIRRO3-768x576.jpg 768w, https:\/\/www.ocorreionews.com.br\/acervo-correio\/wp-content\/uploads\/2023\/10\/PROGRAMA-MEU-BAIRRO3-86x64.jpg 86w, https:\/\/www.ocorreionews.com.br\/acervo-correio\/wp-content\/uploads\/2023\/10\/PROGRAMA-MEU-BAIRRO3.jpg 1440w\" sizes=\"auto, (max-width: 1024px) 100vw, 1024px\" \/><\/p>\n<p>O prefeito Dalmy Cris\u00f3stomo da Silva esteve prestigiando o evento, juntamente com o Secret\u00e1rio de Sa\u00fade, Jo\u00e3o Abadio e a Vereadora Izabel do Zezinho.<\/p>\n<p><img loading=\"lazy\" decoding=\"async\" class=\"alignnone wp-image-255214 size-large\" src=\"https:\/\/www.ocorreionews.com.br\/acervo-correio\/wp-content\/uploads\/2023\/10\/PROGRAMA-MEU-BAIRRO4-1024x768.jpg\" alt=\"\" width=\"1024\" height=\"768\" srcset=\"https:\/\/www.ocorreionews.com.br\/acervo-correio\/wp-content\/uploads\/2023\/10\/PROGRAMA-MEU-BAIRRO4-1024x768.jpg 1024w, https:\/\/www.ocorreionews.com.br\/acervo-correio\/wp-content\/uploads\/2023\/10\/PROGRAMA-MEU-BAIRRO4-300x225.jpg 300w, https:\/\/www.ocorreionews.com.br\/acervo-correio\/wp-content\/uploads\/2023\/10\/PROGRAMA-MEU-BAIRRO4-768x576.jpg 768w, https:\/\/www.ocorreionews.com.br\/acervo-correio\/wp-content\/uploads\/2023\/10\/PROGRAMA-MEU-BAIRRO4-86x64.jpg 86w, https:\/\/www.ocorreionews.com.br\/acervo-correio\/wp-content\/uploads\/2023\/10\/PROGRAMA-MEU-BAIRRO4.jpg 1440w\" sizes=\"auto, (max-width: 1024px) 100vw, 1024px\" \/><\/p>\n<p>Confira os servi\u00e7os realizados no A\u00e7\u00e3o + Sa\u00fade meu bairro \u00e9 show:<\/p>\n<p>* Vacina Antirr\u00e1bica: 10 c\u00e3es e 01 gato<\/p>\n<p>* Pinturas faciais e de cabelo &#8211; 61<\/p>\n<p>* Aromaterapia aroma touch &#8211; 14<\/p>\n<p>* Consumo alimentar &#8211; 70<\/p>\n<p>* Pesagem bolsa familia &#8211; 8<\/p>\n<p>* Aferi\u00e7\u00e3o de PA &#8211; 40<\/p>\n<p>* Consulta m\u00e9dica- 28<\/p>\n<p>* Verifica\u00e7\u00e3o de caderneta vacinal &#8211; 22<\/p>\n<p>* Pessoas vacinadas- 15<\/p>\n<p>* Total de vacinas administradas &#8211; 23<\/p>\n<p>* Atividade funcional &#8211; 13<\/p>\n<p>* Atividade Zumba -12<\/p>\n<p>Em breve novos pontos da realiza\u00e7\u00e3o do A\u00e7\u00e3o + Sa\u00fade meu bairro \u00e9 show ser\u00e3o divulgados.<\/p>\n<p>Para ficar por dentro de tudo que acontece no Executivo, j\u00e1 curte nossa p\u00e1gina e ative as notifica\u00e7\u00f5e<\/p>\n","protected":false},"excerpt":{"rendered":"<p>A Secretaria Municipal de Sa\u00fade de Alcin\u00f3polis\u00a0 realizou o segundo evento do programa \u201cA\u00e7\u00e3o + Sa\u00fade meu bairro \u00e9 show. O evento aconteceu na pra\u00e7a central e contou com atendimentos m\u00e9dicos, agendamentos de consulta com especialistas, pesagem, orienta\u00e7\u00e3o alimentar, aula de aromaterapia, plantas medicinais, aferi\u00e7\u00e3o de press\u00e3o, vacina\u00e7\u00e3o, aula de zumba e funcional, entre outros. [&hellip;]<\/p>\n","protected":false},"author":4,"featured_media":255212,"comment_status":"closed","ping_status":"closed","sticky":false,"template":"","format":"standard","meta":{"footnotes":""},"categories":[31],"tags":[],"class_list":["post-255211","post","type-post","status-publish","format-standard","has-post-thumbnail","hentry","category-geral"],"_links":{"self":[{"href":"https:\/\/www.ocorreionews.com.br\/acervo-correio\/index.php?rest_route=\/wp\/v2\/posts\/255211","targetHints":{"allow":["GET"]}}],"collection":[{"href":"https:\/\/www.ocorreionews.com.br\/acervo-correio\/index.php?rest_route=\/wp\/v2\/posts"}],"about":[{"href":"https:\/\/www.ocorreionews.com.br\/acervo-correio\/index.php?rest_route=\/wp\/v2\/types\/post"}],"author":[{"embeddable":true,"href":"https:\/\/www.ocorreionews.com.br\/acervo-correio\/index.php?rest_route=\/wp\/v2\/users\/4"}],"replies":[{"embeddable":true,"href":"https:\/\/www.ocorreionews.com.br\/acervo-correio\/index.php?rest_route=%2Fwp%2Fv2%2Fcomments&post=255211"}],"version-history":[{"count":1,"href":"https:\/\/www.ocorreionews.com.br\/acervo-correio\/index.php?rest_route=\/wp\/v2\/posts\/255211\/revisions"}],"predecessor-version":[{"id":255215,"href":"https:\/\/www.ocorreionews.com.br\/acervo-correio\/index.php?rest_route=\/wp\/v2\/posts\/255211\/revisions\/255215"}],"wp:featuredmedia":[{"embeddable":true,"href":"https:\/\/www.ocorreionews.com.br\/acervo-correio\/index.php?rest_route=\/wp\/v2\/media\/255212"}],"wp:attachment":[{"href":"https:\/\/www.ocorreionews.com.br\/acervo-correio\/index.php?rest_route=%2Fwp%2Fv2%2Fmedia&parent=255211"}],"wp:term":[{"taxonomy":"category","embeddable":true,"href":"https:\/\/www.ocorreionews.com.br\/acervo-correio\/index.php?rest_route=%2Fwp%2Fv2%2Fcategories&post=255211"},{"taxonomy":"post_tag","embeddable":true,"href":"https:\/\/www.ocorreionews.com.br\/acervo-correio\/index.php?rest_route=%2Fwp%2Fv2%2Ftags&post=255211"}],"curies":[{"name":"wp","href":"https:\/\/api.w.org\/{rel}","templated":true}]}}