{"id":255223,"date":"2023-10-26T14:16:59","date_gmt":"2023-10-26T18:16:59","guid":{"rendered":"https:\/\/www.ocorreionews.com.br\/acervo-correio\/?p=255223"},"modified":"2023-10-26T14:16:59","modified_gmt":"2023-10-26T18:16:59","slug":"coopercal-e-semdema-lanca-campanha-da-coleta-seletiva","status":"publish","type":"post","link":"https:\/\/www.ocorreionews.com.br\/acervo-correio\/?p=255223","title":{"rendered":"COOPERCAL e SEMDEMA lan\u00e7a campanha da coleta seletiva"},"content":{"rendered":"<p><span style=\"color: #ff0000;\"><strong>ALCIN\u00d3POLIS<\/strong> <\/span>= A cooperativa de catadores de materiais recicl\u00e1veis de Alcin\u00f3polis \u2013MS (COOPERCAL), em parceria com a Prefeitura e com a Secretaria Municipal de Desenvolvimento Econ\u00f4mico e Meio Ambiente (SEMDEMA), est\u00e1 convidando toda popula\u00e7\u00e3o para contribuir com a coleta seletiva. Toda quinta-feira \u00e9 dia de coleta seletiva, separem seus materiais recicl\u00e1veis como:<\/p>\n<ul>\n<li>Pl\u00e1sticos (garrafas de refrigerante, potes de sorvete, canos de PVC, baldes, cadeiras pl\u00e1sticas, embalagens de \u00f3leo de\u00a0cozinha, amaciantes, detergentes e frasco de shampoo).<\/li>\n<li>Latas de tinta;<\/li>\n<li>Latinhas de cerveja ou refrigerante;<\/li>\n<li>Papel<\/li>\n<li>Papel\u00e3o (caixas em geral)<\/li>\n<li><img loading=\"lazy\" decoding=\"async\" class=\"alignnone size-medium wp-image-255227\" src=\"https:\/\/www.ocorreionews.com.br\/acervo-correio\/wp-content\/uploads\/2023\/10\/COLETA-CAMPANHA-300x286.png\" alt=\"\" width=\"300\" height=\"286\" srcset=\"https:\/\/www.ocorreionews.com.br\/acervo-correio\/wp-content\/uploads\/2023\/10\/COLETA-CAMPANHA-300x286.png 300w, https:\/\/www.ocorreionews.com.br\/acervo-correio\/wp-content\/uploads\/2023\/10\/COLETA-CAMPANHA-1024x976.png 1024w, https:\/\/www.ocorreionews.com.br\/acervo-correio\/wp-content\/uploads\/2023\/10\/COLETA-CAMPANHA-768x732.png 768w, https:\/\/www.ocorreionews.com.br\/acervo-correio\/wp-content\/uploads\/2023\/10\/COLETA-CAMPANHA-1536x1464.png 1536w, https:\/\/www.ocorreionews.com.br\/acervo-correio\/wp-content\/uploads\/2023\/10\/COLETA-CAMPANHA.png 1920w\" sizes=\"auto, (max-width: 300px) 100vw, 300px\" \/><\/li>\n<\/ul>\n<p>Trabalhadores da cooperativa de catadores, estar\u00e3o passando na rua da sua resid\u00eancia para realizar a coleta toda quinta-feira.<\/p>\n<p>Quaisquer d\u00favidas ou agendamento de coleta, entre em contato pelo telefone: 67 98217-7887 falar com C\u00e9zar Henrique<\/p>\n<p>Mais do que uma obriga\u00e7\u00e3o, a reciclagem \u00e9 uma necessidade, fa\u00e7a sua parte como cidad\u00e3o e ajude o pessoal da cooperativa, dando a destina\u00e7\u00e3o correta dos materiais recicl\u00e1veis.<\/p>\n<p>Fonte\/Fotos: SEMDEMA\/Prefeitura de Alcin\u00f3polis<\/p>\n","protected":false},"excerpt":{"rendered":"<p>ALCIN\u00d3POLIS = A cooperativa de catadores de materiais recicl\u00e1veis de Alcin\u00f3polis \u2013MS (COOPERCAL), em parceria com a Prefeitura e com a Secretaria Municipal de Desenvolvimento Econ\u00f4mico e Meio Ambiente (SEMDEMA), est\u00e1 convidando toda popula\u00e7\u00e3o para contribuir com a coleta seletiva. Toda quinta-feira \u00e9 dia de coleta seletiva, separem seus materiais recicl\u00e1veis como: Pl\u00e1sticos (garrafas de [&hellip;]<\/p>\n","protected":false},"author":4,"featured_media":255226,"comment_status":"closed","ping_status":"closed","sticky":false,"template":"","format":"standard","meta":{"footnotes":""},"categories":[18],"tags":[],"class_list":["post-255223","post","type-post","status-publish","format-standard","has-post-thumbnail","hentry","category-alcinopolis"],"_links":{"self":[{"href":"https:\/\/www.ocorreionews.com.br\/acervo-correio\/index.php?rest_route=\/wp\/v2\/posts\/255223","targetHints":{"allow":["GET"]}}],"collection":[{"href":"https:\/\/www.ocorreionews.com.br\/acervo-correio\/index.php?rest_route=\/wp\/v2\/posts"}],"about":[{"href":"https:\/\/www.ocorreionews.com.br\/acervo-correio\/index.php?rest_route=\/wp\/v2\/types\/post"}],"author":[{"embeddable":true,"href":"https:\/\/www.ocorreionews.com.br\/acervo-correio\/index.php?rest_route=\/wp\/v2\/users\/4"}],"replies":[{"embeddable":true,"href":"https:\/\/www.ocorreionews.com.br\/acervo-correio\/index.php?rest_route=%2Fwp%2Fv2%2Fcomments&post=255223"}],"version-history":[{"count":1,"href":"https:\/\/www.ocorreionews.com.br\/acervo-correio\/index.php?rest_route=\/wp\/v2\/posts\/255223\/revisions"}],"predecessor-version":[{"id":255228,"href":"https:\/\/www.ocorreionews.com.br\/acervo-correio\/index.php?rest_route=\/wp\/v2\/posts\/255223\/revisions\/255228"}],"wp:featuredmedia":[{"embeddable":true,"href":"https:\/\/www.ocorreionews.com.br\/acervo-correio\/index.php?rest_route=\/wp\/v2\/media\/255226"}],"wp:attachment":[{"href":"https:\/\/www.ocorreionews.com.br\/acervo-correio\/index.php?rest_route=%2Fwp%2Fv2%2Fmedia&parent=255223"}],"wp:term":[{"taxonomy":"category","embeddable":true,"href":"https:\/\/www.ocorreionews.com.br\/acervo-correio\/index.php?rest_route=%2Fwp%2Fv2%2Fcategories&post=255223"},{"taxonomy":"post_tag","embeddable":true,"href":"https:\/\/www.ocorreionews.com.br\/acervo-correio\/index.php?rest_route=%2Fwp%2Fv2%2Ftags&post=255223"}],"curies":[{"name":"wp","href":"https:\/\/api.w.org\/{rel}","templated":true}]}}