{"id":25596,"date":"2016-04-18T08:48:17","date_gmt":"2016-04-18T12:48:17","guid":{"rendered":"https:\/\/ocorreionews.com.br\/?p=25596"},"modified":"2016-04-18T08:48:17","modified_gmt":"2016-04-18T12:48:17","slug":"cobra-cipo-de-mais-de-um-metro-e-encontrada-dentro-de-residencia","status":"publish","type":"post","link":"https:\/\/www.ocorreionews.com.br\/acervo-correio\/?p=25596","title":{"rendered":"Cobra-cip\u00f3 de mais de um metro \u00e9 encontrada dentro de resid\u00eancia"},"content":{"rendered":"<p>Uma cobra-cip\u00f3, tamb\u00e9m conhecida como cobra-verde, com mais de um metro de comprimento, foi localizada na manh\u00e3 deste domingo (17) dentro da sala de uma resid\u00eancia em Coxim.<\/p>\n<p class=\"veja_mais_simples\">De acordo com informa\u00e7\u00f5es do site Edi\u00e7\u00e3o de Not\u00edcias, a dona da casa de 36 anos, entrou na sala e se deparou com a cobra embaixo de uma poltrona.<\/p>\n<p>A mulher acionou a PMA (Pol\u00edcia Militar Ambiental) que foi at\u00e9 o local capturar a cobra que foi solta em uma vegeta\u00e7\u00e3o \u00e0s margens do Rio Coxim.<\/p>\n<p>Segundo o\u00a0Instituto Vital Brasil, apesar de n\u00e3o terem veneno, acidentes<b> <\/b>com este tipo de cobra podem causar sintomas inc\u00f4modos, como dor, dorm\u00eancia, vermelhid\u00e3o, incha\u00e7o, febre, sensa\u00e7\u00e3o de queima\u00e7\u00e3o e at\u00e9 mesmo a transmiss\u00e3o de t\u00e9tano, infec\u00e7\u00f5es secund\u00e1rias e outras doen\u00e7as. \u00c9 aconselh\u00e1vel procurar atendimento m\u00e9dico.<\/p>\n<p>&nbsp;<\/p>\n<p>&nbsp;<\/p>\n<p>&nbsp;<\/p>\n<p>Campo Grande News &#8211; Foto Edi\u00e7\u00e3o de Noticias<\/p>\n","protected":false},"excerpt":{"rendered":"<p>Uma cobra-cip\u00f3, tamb\u00e9m conhecida como cobra-verde, com mais de um metro de comprimento, foi localizada na manh\u00e3 deste domingo (17) dentro da sala de uma resid\u00eancia em Coxim. De acordo com informa\u00e7\u00f5es do site Edi\u00e7\u00e3o de Not\u00edcias, a dona da casa de 36 anos, entrou na sala e se deparou com a cobra embaixo de [&hellip;]<\/p>\n","protected":false},"author":4,"featured_media":25597,"comment_status":"closed","ping_status":"closed","sticky":false,"template":"","format":"standard","meta":{"footnotes":""},"categories":[38],"tags":[],"class_list":["post-25596","post","type-post","status-publish","format-standard","has-post-thumbnail","hentry","category-policia"],"_links":{"self":[{"href":"https:\/\/www.ocorreionews.com.br\/acervo-correio\/index.php?rest_route=\/wp\/v2\/posts\/25596","targetHints":{"allow":["GET"]}}],"collection":[{"href":"https:\/\/www.ocorreionews.com.br\/acervo-correio\/index.php?rest_route=\/wp\/v2\/posts"}],"about":[{"href":"https:\/\/www.ocorreionews.com.br\/acervo-correio\/index.php?rest_route=\/wp\/v2\/types\/post"}],"author":[{"embeddable":true,"href":"https:\/\/www.ocorreionews.com.br\/acervo-correio\/index.php?rest_route=\/wp\/v2\/users\/4"}],"replies":[{"embeddable":true,"href":"https:\/\/www.ocorreionews.com.br\/acervo-correio\/index.php?rest_route=%2Fwp%2Fv2%2Fcomments&post=25596"}],"version-history":[{"count":0,"href":"https:\/\/www.ocorreionews.com.br\/acervo-correio\/index.php?rest_route=\/wp\/v2\/posts\/25596\/revisions"}],"wp:featuredmedia":[{"embeddable":true,"href":"https:\/\/www.ocorreionews.com.br\/acervo-correio\/index.php?rest_route=\/wp\/v2\/media\/25597"}],"wp:attachment":[{"href":"https:\/\/www.ocorreionews.com.br\/acervo-correio\/index.php?rest_route=%2Fwp%2Fv2%2Fmedia&parent=25596"}],"wp:term":[{"taxonomy":"category","embeddable":true,"href":"https:\/\/www.ocorreionews.com.br\/acervo-correio\/index.php?rest_route=%2Fwp%2Fv2%2Fcategories&post=25596"},{"taxonomy":"post_tag","embeddable":true,"href":"https:\/\/www.ocorreionews.com.br\/acervo-correio\/index.php?rest_route=%2Fwp%2Fv2%2Ftags&post=25596"}],"curies":[{"name":"wp","href":"https:\/\/api.w.org\/{rel}","templated":true}]}}