{"id":25661,"date":"2016-04-19T08:15:41","date_gmt":"2016-04-19T12:15:41","guid":{"rendered":"https:\/\/ocorreionews.com.br\/?p=25661"},"modified":"2016-04-19T08:29:55","modified_gmt":"2016-04-19T12:29:55","slug":"motociclista-morre-em-acidente-e-moto-desparece","status":"publish","type":"post","link":"https:\/\/www.ocorreionews.com.br\/acervo-correio\/?p=25661","title":{"rendered":"Motociclista morre em acidente e moto desparece"},"content":{"rendered":"<p>F\u00e1bio Augusto Celestino, de 26 anos, morreu depois de sofrer acidente de moto, na MS-166, pr\u00f3ximo ao munic\u00edpio de Antonio Jo\u00e3o (MS). A pol\u00edcia tenta decifrar um mist\u00e9rio: a moto da v\u00edtima n\u00e3o foi localizada. Ao lado do corpo da v\u00edtima estava o capacete que ele utilizava no momento do acidente.<\/p>\n<p>Conforme informa\u00e7\u00f5es do Por\u00e3 News, a pol\u00edcia acredita que o acidente tenha ocorrido ainda na noite de domingo, mas o corpo s\u00f3 foi localizado na manh\u00e3 desta segunda-feira.<\/p>\n<p>O caso ser\u00e1 registrado como morte a esclarecer, uma vez que a motocicleta da v\u00edtima n\u00e3o foi encontrada.<\/p>\n","protected":false},"excerpt":{"rendered":"<p>F\u00e1bio Augusto Celestino, de 26 anos, morreu depois de sofrer acidente de moto, na MS-166, pr\u00f3ximo ao munic\u00edpio de Antonio Jo\u00e3o (MS). A pol\u00edcia tenta decifrar um mist\u00e9rio: a moto da v\u00edtima n\u00e3o foi localizada. Ao lado do corpo da v\u00edtima estava o capacete que ele utilizava no momento do acidente. Conforme informa\u00e7\u00f5es do Por\u00e3 [&hellip;]<\/p>\n","protected":false},"author":4,"featured_media":25662,"comment_status":"closed","ping_status":"closed","sticky":false,"template":"","format":"standard","meta":{"footnotes":""},"categories":[38],"tags":[],"class_list":["post-25661","post","type-post","status-publish","format-standard","has-post-thumbnail","hentry","category-policia"],"_links":{"self":[{"href":"https:\/\/www.ocorreionews.com.br\/acervo-correio\/index.php?rest_route=\/wp\/v2\/posts\/25661","targetHints":{"allow":["GET"]}}],"collection":[{"href":"https:\/\/www.ocorreionews.com.br\/acervo-correio\/index.php?rest_route=\/wp\/v2\/posts"}],"about":[{"href":"https:\/\/www.ocorreionews.com.br\/acervo-correio\/index.php?rest_route=\/wp\/v2\/types\/post"}],"author":[{"embeddable":true,"href":"https:\/\/www.ocorreionews.com.br\/acervo-correio\/index.php?rest_route=\/wp\/v2\/users\/4"}],"replies":[{"embeddable":true,"href":"https:\/\/www.ocorreionews.com.br\/acervo-correio\/index.php?rest_route=%2Fwp%2Fv2%2Fcomments&post=25661"}],"version-history":[{"count":0,"href":"https:\/\/www.ocorreionews.com.br\/acervo-correio\/index.php?rest_route=\/wp\/v2\/posts\/25661\/revisions"}],"wp:featuredmedia":[{"embeddable":true,"href":"https:\/\/www.ocorreionews.com.br\/acervo-correio\/index.php?rest_route=\/wp\/v2\/media\/25662"}],"wp:attachment":[{"href":"https:\/\/www.ocorreionews.com.br\/acervo-correio\/index.php?rest_route=%2Fwp%2Fv2%2Fmedia&parent=25661"}],"wp:term":[{"taxonomy":"category","embeddable":true,"href":"https:\/\/www.ocorreionews.com.br\/acervo-correio\/index.php?rest_route=%2Fwp%2Fv2%2Fcategories&post=25661"},{"taxonomy":"post_tag","embeddable":true,"href":"https:\/\/www.ocorreionews.com.br\/acervo-correio\/index.php?rest_route=%2Fwp%2Fv2%2Ftags&post=25661"}],"curies":[{"name":"wp","href":"https:\/\/api.w.org\/{rel}","templated":true}]}}