{"id":25677,"date":"2016-04-19T09:50:10","date_gmt":"2016-04-19T13:50:10","guid":{"rendered":"https:\/\/ocorreionews.com.br\/?p=25677"},"modified":"2016-04-19T09:50:10","modified_gmt":"2016-04-19T13:50:10","slug":"policia-militar-de-chapadao-do-sul-ministrou-palestra-educativa-aos-novos-calouros-da-fachasul","status":"publish","type":"post","link":"https:\/\/www.ocorreionews.com.br\/acervo-correio\/?p=25677","title":{"rendered":"Pol\u00edcia Militar de Chapad\u00e3o do Sul ministrou palestra educativa aos novos calouros da FACHASUL"},"content":{"rendered":"<p>Na noite desta segunda-feira (18) a Pol\u00edcia Militar, em parceria com o DETRAN-MS, ministrou uma palestra na faculdade FACHASUL para os novos calouros da universidade.<\/p>\n<p>A palestra foi conduzida na forma de uma \u201cBate-Papo\u201d, onde policiais militares, universit\u00e1rios, professores e demais educadores puderam aprender, discutir e refletir sobre as consequ\u00eancias da mistura letal que \u00e9 o \u00e1lcool e o volante.<\/p>\n<p>O tema central da palestra foi a \u201cLei Seca\u201d e os procedimentos dos agentes de fiscaliza\u00e7\u00e3o de tr\u00e2nsito frente \u00e0s infra\u00e7\u00f5es e aos crimes de tr\u00e2nsito relativos ao consumo de bebida alco\u00f3lica.<\/p>\n<p><a href=\"https:\/\/ocorreionews.com.br\/wp-content\/uploads\/2016\/04\/Palestra-PM-Fachasul-2.jpg\"><img loading=\"lazy\" decoding=\"async\" class=\"alignnone wp-image-25678 size-full\" src=\"https:\/\/ocorreionews.com.br\/wp-content\/uploads\/2016\/04\/Palestra-PM-Fachasul-2.jpg\" alt=\"Palestra PM Fachasul 2\" width=\"800\" height=\"450\" srcset=\"https:\/\/www.ocorreionews.com.br\/acervo-correio\/wp-content\/uploads\/2016\/04\/Palestra-PM-Fachasul-2.jpg 800w, https:\/\/www.ocorreionews.com.br\/acervo-correio\/wp-content\/uploads\/2016\/04\/Palestra-PM-Fachasul-2-300x169.jpg 300w, https:\/\/www.ocorreionews.com.br\/acervo-correio\/wp-content\/uploads\/2016\/04\/Palestra-PM-Fachasul-2-768x432.jpg 768w\" sizes=\"auto, (max-width: 800px) 100vw, 800px\" \/><\/a><\/p>\n<p>A iniciativa trata-se de uma a\u00e7\u00e3o educativa, onde acredita-se que momentos como este s\u00e3o fundamentais na conscientiza\u00e7\u00e3o da popula\u00e7\u00e3o, principalmente dos jovens, os quais est\u00e3o presentes na maioria dos acidentes de tr\u00e2nsito causados pela influ\u00eancia do \u00e1lcool.<\/p>\n<p>Durante a palestra foi explicado algumas diferen\u00e7as entre infra\u00e7\u00e3o administrativa e crime de tr\u00e2nsito, al\u00e9m de ser esclarecido quais s\u00e3o as compet\u00eancias dos agentes de fiscaliza\u00e7\u00e3o de tr\u00e2nsito e quais as formas de constata\u00e7\u00e3o de embriaguez.<\/p>\n<p><a href=\"https:\/\/ocorreionews.com.br\/wp-content\/uploads\/2016\/04\/Palestra-PM-Fachasul-3.jpg\"><img loading=\"lazy\" decoding=\"async\" class=\"alignnone wp-image-25679 size-full\" src=\"https:\/\/ocorreionews.com.br\/wp-content\/uploads\/2016\/04\/Palestra-PM-Fachasul-3.jpg\" alt=\"Palestra PM Fachasul 3\" width=\"800\" height=\"450\" srcset=\"https:\/\/www.ocorreionews.com.br\/acervo-correio\/wp-content\/uploads\/2016\/04\/Palestra-PM-Fachasul-3.jpg 800w, https:\/\/www.ocorreionews.com.br\/acervo-correio\/wp-content\/uploads\/2016\/04\/Palestra-PM-Fachasul-3-300x169.jpg 300w, https:\/\/www.ocorreionews.com.br\/acervo-correio\/wp-content\/uploads\/2016\/04\/Palestra-PM-Fachasul-3-768x432.jpg 768w\" sizes=\"auto, (max-width: 800px) 100vw, 800px\" \/><\/a><\/p>\n<p>Ao todo 31 alunos participaram do evento, onde os mesmo receberam camisetas da campanha \u201cLei Seca \u2013 Toler\u00e2ncia Zero\u201d, <em>folders<\/em> e certificado da palestra.<\/p>\n<p><strong><em>POL\u00cdCIA MILITAR, SERVINDO E PROTEGENDO O CIDAD\u00c3O!<\/em><\/strong><\/p>\n<p><strong><em>Assessoria de Comunica\u00e7\u00e3o \u2013 4\u00aa CIPM<\/em><\/strong><\/p>\n","protected":false},"excerpt":{"rendered":"<p>Na noite desta segunda-feira (18) a Pol\u00edcia Militar, em parceria com o DETRAN-MS, ministrou uma palestra na faculdade FACHASUL para os novos calouros da universidade. A palestra foi conduzida na forma de uma \u201cBate-Papo\u201d, onde policiais militares, universit\u00e1rios, professores e demais educadores puderam aprender, discutir e refletir sobre as consequ\u00eancias da mistura letal que \u00e9 [&hellip;]<\/p>\n","protected":false},"author":4,"featured_media":25680,"comment_status":"closed","ping_status":"closed","sticky":false,"template":"","format":"standard","meta":{"footnotes":""},"categories":[23,38],"tags":[],"class_list":["post-25677","post","type-post","status-publish","format-standard","has-post-thumbnail","hentry","category-chapadao-do-sul","category-policia"],"_links":{"self":[{"href":"https:\/\/www.ocorreionews.com.br\/acervo-correio\/index.php?rest_route=\/wp\/v2\/posts\/25677","targetHints":{"allow":["GET"]}}],"collection":[{"href":"https:\/\/www.ocorreionews.com.br\/acervo-correio\/index.php?rest_route=\/wp\/v2\/posts"}],"about":[{"href":"https:\/\/www.ocorreionews.com.br\/acervo-correio\/index.php?rest_route=\/wp\/v2\/types\/post"}],"author":[{"embeddable":true,"href":"https:\/\/www.ocorreionews.com.br\/acervo-correio\/index.php?rest_route=\/wp\/v2\/users\/4"}],"replies":[{"embeddable":true,"href":"https:\/\/www.ocorreionews.com.br\/acervo-correio\/index.php?rest_route=%2Fwp%2Fv2%2Fcomments&post=25677"}],"version-history":[{"count":0,"href":"https:\/\/www.ocorreionews.com.br\/acervo-correio\/index.php?rest_route=\/wp\/v2\/posts\/25677\/revisions"}],"wp:featuredmedia":[{"embeddable":true,"href":"https:\/\/www.ocorreionews.com.br\/acervo-correio\/index.php?rest_route=\/wp\/v2\/media\/25680"}],"wp:attachment":[{"href":"https:\/\/www.ocorreionews.com.br\/acervo-correio\/index.php?rest_route=%2Fwp%2Fv2%2Fmedia&parent=25677"}],"wp:term":[{"taxonomy":"category","embeddable":true,"href":"https:\/\/www.ocorreionews.com.br\/acervo-correio\/index.php?rest_route=%2Fwp%2Fv2%2Fcategories&post=25677"},{"taxonomy":"post_tag","embeddable":true,"href":"https:\/\/www.ocorreionews.com.br\/acervo-correio\/index.php?rest_route=%2Fwp%2Fv2%2Ftags&post=25677"}],"curies":[{"name":"wp","href":"https:\/\/api.w.org\/{rel}","templated":true}]}}