{"id":25682,"date":"2016-04-19T09:54:01","date_gmt":"2016-04-19T13:54:01","guid":{"rendered":"https:\/\/ocorreionews.com.br\/?p=25682"},"modified":"2016-04-19T09:56:14","modified_gmt":"2016-04-19T13:56:14","slug":"anatel-sinaliza-fim-da-era-da-internet-ilimitada-no-brasil","status":"publish","type":"post","link":"https:\/\/www.ocorreionews.com.br\/acervo-correio\/?p=25682","title":{"rendered":"Anatel sinaliza fim da era da internet ilimitada no Brasil"},"content":{"rendered":"<p>O presidente da Ag\u00eancia Nacional de Telecomunica\u00e7\u00f5es (Anatel), Jo\u00e3o Rezende, explicou que a era da internet ilimitada est\u00e1 chegando ao fim. Apesar de medida cautelar da ag\u00eancia publicada nesta segunda-feira ter\u00a0proibido por 90 dias as empresas de banda larga fixa de reduzirem a velocidade da conex\u00e3o\u00a0ou cortarem o acesso, Rezende afirmou que a oferta de servi\u00e7os deve ser &#8220;aderente \u00e0 realidade&#8221;.<\/p>\n<p>&#8220;N\u00e3o podemos trabalhar com a no\u00e7\u00e3o de que o usu\u00e1rio ter\u00e1 um servi\u00e7o ilimitado sem custo&#8221;, afirmou Rezende. &#8220;Para nem todos os modelos cabe ilimita\u00e7\u00e3o total do servi\u00e7o. N\u00e3o vai haver rede suficiente para tudo.&#8221;<\/p>\n<p>O presidente da Anatel reconheceu, por\u00e9m, que a culpa, nesse caso, \u00e9 das empresas, que &#8220;deseducaram&#8221; o cliente. &#8220;Acho que as empresas, ao longo do tempo, deseducaram os consumidores com essa quest\u00e3o da propaganda de servi\u00e7o ilimitado, infinito. Isso acabou, de alguma maneira, desacostumando o usu\u00e1rio. Foi m\u00e1 educa\u00e7\u00e3o&#8221;, constatou.<\/p>\n<p>Para Rezende, \u00e9 importante que a Anatel d\u00ea garantias para que n\u00e3o haja um desest\u00edmulo aos investimentos pelas companhias nas redes. &#8220;Acreditamos que isso \u00e9 um pilar importante do sistema. \u00c9 importante ter garantias para que n\u00e3o haja desest\u00edmulo ao investimento. N\u00e3o podemos imaginar um servi\u00e7o ilimitado.&#8221;<\/p>\n<p><strong>Consumo<\/strong>\u00a0&#8211; Uma das principais obriga\u00e7\u00f5es a que as empresas ter\u00e3o que atender, conforme determina\u00e7\u00e3o da Anatel, \u00e9 criar ferramentas que possibilitem ao usu\u00e1rio acompanhar seu consumo para que ele saiba, de antem\u00e3o, se sua franquia est\u00e1 pr\u00f3xima do fim. Se a op\u00e7\u00e3o for criar um portal, o cliente poder\u00e1 ver seu perfil e hist\u00f3rico de consumo, para saber que tipo de pacote \u00e9 mais adequado.<\/p>\n<p>Al\u00e9m disso, as empresas ter\u00e3o que notificar o consumidor quando estiver pr\u00f3ximo do esgotamento de sua franquia e informar todos os pacotes dispon\u00edveis para o cliente, com previs\u00e3o de velocidade de conex\u00e3o e franquia de dados.<\/p>\n<p>Uma vez que a Anatel apure o cumprimento dessas determina\u00e7\u00f5es, em 90 dias, as empresas poder\u00e3o reduzir a velocidade da internet e at\u00e9 cortar o servi\u00e7o se o limite da franquia for atingido. Para n\u00e3o ter o sinal cortado ou a velocidade reduzida, o usu\u00e1rio poder\u00e1, se desejar, comprar pacotes adicionais de franquia.<\/p>\n<p>&#8220;Acreditamos que as empresas falharam e est\u00e3o falhando na comunica\u00e7\u00e3o com o usu\u00e1rio&#8221;, afirmou Rezende. &#8220;Tamb\u00e9m acho absurdo suspender servi\u00e7o sem avisar o usu\u00e1rio&#8221;, acrescentou.<\/p>\n<p>Rezende disse n\u00e3o ver rela\u00e7\u00e3o entre a mudan\u00e7a na postura das empresas e a queda de assinantes de TV por assinatura. Entre agosto de 2015 e fevereiro de 2016, as empresas perderam quase 700.000 clientes, de acordo com a base de dados da pr\u00f3pria Anatel. Ao mesmo tempo, a Netflix, servi\u00e7o de v\u00eddeo por streaming, j\u00e1 contava com 2,2 milh\u00f5es de assinantes no in\u00edcio do ano passado. &#8220;Neste momento, n\u00e3o vejo essa concorr\u00eancia&#8221;, declarou Rezende.<\/p>\n<p>Rezende disse que as empresas que quiserem continuar a oferecer pacotes de internet ilimitada poder\u00e3o faz\u00ea-lo. Segundo ele, esse erro tamb\u00e9m j\u00e1 foi cometido pelas operadoras quando ofereciam pacotes ilimitados de voz.<\/p>\n<p>&#8220;Quem quiser oferecer pacote ilimitado vai ver at\u00e9 onde vai suportar esse modelo de neg\u00f3cios&#8221;, afirmou. &#8220;Acho que as empresas tiveram um erro estrat\u00e9gico l\u00e1 atr\u00e1s de n\u00e3o perceber que qualquer mudan\u00e7a, como servi\u00e7o ilimitado de dados, levaria a um momento em que seria preciso corrigir a rota, sob risco de queda de investimentos.&#8221;<\/p>\n<p>Ao comparar o uso da internet com o consumo de energia el\u00e9trica, a superintendente de rela\u00e7\u00f5es com consumidores da Anatel, Elisa Leonel, disse que o modelo de franquias \u00e9 opcional, mas ressaltou que alguns consumidores poderiam se surpreender com a conta no fim do m\u00eas se o modelo fosse de consumo aberto.<\/p>\n<p>&#8220;As empresas poderiam deixar o cliente consumindo megabytes o m\u00eas todo e mandar a conta, mas, como o consumidor n\u00e3o est\u00e1 habituado a isso, pode levar um susto no final do m\u00eas&#8221;, afirmou Elisa. &#8220;A franquia garante o controle do seu uso, mas ele n\u00e3o \u00e9 obrigat\u00f3rio. \u00c9 para o bem dele.&#8221;<\/p>\n<p>O secret\u00e1rio de Telecomunica\u00e7\u00f5es do Minist\u00e9rio das Comunica\u00e7\u00f5es, Max Martinh\u00e3o, disse que a medida chega para dar equil\u00edbrio e seguran\u00e7a ao consumidor. &#8220;As coisas estavam acontecendo de forma muito desordenada&#8221;, afirmou. &#8220;A medida traz tranquilidade nesse momento.&#8221;<\/p>\n<p>O Sindicato Nacional das Empresas de Telefonia e de Servi\u00e7os M\u00f3vel Celular e Pessoal (Sinditelebrasil), que representa as principais empresas do setor, informou que n\u00e3o iria se pronunciar sobre a cautelar, porque cada empresa tem um posicionamento sobre a quest\u00e3o.<\/p>\n<p>&nbsp;<\/p>\n<p>&nbsp;<\/p>\n<p>Revista Veja.com<\/p>\n","protected":false},"excerpt":{"rendered":"<p>O presidente da Ag\u00eancia Nacional de Telecomunica\u00e7\u00f5es (Anatel), Jo\u00e3o Rezende, explicou que a era da internet ilimitada est\u00e1 chegando ao fim. Apesar de medida cautelar da ag\u00eancia publicada nesta segunda-feira ter\u00a0proibido por 90 dias as empresas de banda larga fixa de reduzirem a velocidade da conex\u00e3o\u00a0ou cortarem o acesso, Rezende afirmou que a oferta de [&hellip;]<\/p>\n","protected":false},"author":4,"featured_media":25683,"comment_status":"closed","ping_status":"closed","sticky":false,"template":"","format":"standard","meta":{"footnotes":""},"categories":[31],"tags":[],"class_list":["post-25682","post","type-post","status-publish","format-standard","has-post-thumbnail","hentry","category-geral"],"_links":{"self":[{"href":"https:\/\/www.ocorreionews.com.br\/acervo-correio\/index.php?rest_route=\/wp\/v2\/posts\/25682","targetHints":{"allow":["GET"]}}],"collection":[{"href":"https:\/\/www.ocorreionews.com.br\/acervo-correio\/index.php?rest_route=\/wp\/v2\/posts"}],"about":[{"href":"https:\/\/www.ocorreionews.com.br\/acervo-correio\/index.php?rest_route=\/wp\/v2\/types\/post"}],"author":[{"embeddable":true,"href":"https:\/\/www.ocorreionews.com.br\/acervo-correio\/index.php?rest_route=\/wp\/v2\/users\/4"}],"replies":[{"embeddable":true,"href":"https:\/\/www.ocorreionews.com.br\/acervo-correio\/index.php?rest_route=%2Fwp%2Fv2%2Fcomments&post=25682"}],"version-history":[{"count":0,"href":"https:\/\/www.ocorreionews.com.br\/acervo-correio\/index.php?rest_route=\/wp\/v2\/posts\/25682\/revisions"}],"wp:featuredmedia":[{"embeddable":true,"href":"https:\/\/www.ocorreionews.com.br\/acervo-correio\/index.php?rest_route=\/wp\/v2\/media\/25683"}],"wp:attachment":[{"href":"https:\/\/www.ocorreionews.com.br\/acervo-correio\/index.php?rest_route=%2Fwp%2Fv2%2Fmedia&parent=25682"}],"wp:term":[{"taxonomy":"category","embeddable":true,"href":"https:\/\/www.ocorreionews.com.br\/acervo-correio\/index.php?rest_route=%2Fwp%2Fv2%2Fcategories&post=25682"},{"taxonomy":"post_tag","embeddable":true,"href":"https:\/\/www.ocorreionews.com.br\/acervo-correio\/index.php?rest_route=%2Fwp%2Fv2%2Ftags&post=25682"}],"curies":[{"name":"wp","href":"https:\/\/api.w.org\/{rel}","templated":true}]}}