{"id":25746,"date":"2016-04-20T08:33:40","date_gmt":"2016-04-20T12:33:40","guid":{"rendered":"https:\/\/ocorreionews.com.br\/?p=25746"},"modified":"2016-04-20T08:33:40","modified_gmt":"2016-04-20T12:33:40","slug":"uniao-europeia-abre-mercado-de-sementes-de-milho-e-forrageiras-para-o-brasil","status":"publish","type":"post","link":"https:\/\/www.ocorreionews.com.br\/acervo-correio\/?p=25746","title":{"rendered":"Uni\u00e3o Europeia abre mercado de sementes de milho e forrageiras para o Brasil"},"content":{"rendered":"<div id=\"ctl00_cphConteudo_UcNoticiasDetalhe1_ucNoticia1_corpoNoticia\" class=\"corpo\">\n<p>A Uni\u00e3o Europeia aprovou o sistema\u00a0do Brasil\u00a0de controle de sementes, nesta ter\u00e7a-feira (19).\u00a0A medida\u00a0autoriza a exporta\u00e7\u00e3o, inicialmente, de sementes de milho e de forrageiras. Uma comitiva europeia esteve em Minas Gerais e no Distrito Federal, nas \u00faltimas semanas, e avaliou que os produtores brasileiros\u00a0t\u00eam condi\u00e7\u00f5es de manter a pureza das sementes da mesma forma que os europeus.<\/p>\n<p>O Brasil obteve o certificado de equival\u00eancia, documento exigido pela UE e que comprova que o\u00a0pa\u00eds tem um controle equivalente ao da Europa. Segundo\u00a0o diretor do Departamento de Fiscaliza\u00e7\u00e3o de Insumos Agr\u00edcolas do Mapa, Andr\u00e9 Peralta, uma norma espec\u00edfica detalhando \u00e0s empresas quais s\u00e3o as exig\u00eancias da UE ser\u00e1 publicada neste semestre. Isso permitir\u00e1 que o\u00a0mercado brasileiro\u00a0comece a exportar os produtos.<\/p>\n<p>As sementes brasileiras n\u00e3o se adaptam a climas temperados como os da Europa. Por esse motivo, durante o inverno, os pa\u00edses da UE v\u00e3o enviar uma pequena parcela de sementes de milho, aveia preta e azev\u00e9m para que o Brasil possa multiplicar e exportar para os pa\u00edses do bloco. A aveia preta e o azev\u00e9m s\u00e3o esp\u00e9cies usadas como forrageiras e cobertura verde.<\/p>\n<\/div>\n<p>&nbsp;<\/p>\n<div class=\"data cor\"><strong><a href=\"http:\/\/www.agricultura.gov.br\/comunicacao\/noticias\/2016\/04\/uniao-europeia-abre-mercado-de-sementes-de-milho-e-forrageiras-para-o-brasil\" target=\"_blank\">Minist\u00e9rio da Agricultura, Pecu\u00e1ria e Abastecimento<\/a><\/strong><\/div>\n<div class=\"data cor\"><\/div>\n<div class=\"data cor\"><\/div>\n<div class=\"break\"><\/div>\n<div><\/div>\n","protected":false},"excerpt":{"rendered":"<p>A Uni\u00e3o Europeia aprovou o sistema\u00a0do Brasil\u00a0de controle de sementes, nesta ter\u00e7a-feira (19).\u00a0A medida\u00a0autoriza a exporta\u00e7\u00e3o, inicialmente, de sementes de milho e de forrageiras. Uma comitiva europeia esteve em Minas Gerais e no Distrito Federal, nas \u00faltimas semanas, e avaliou que os produtores brasileiros\u00a0t\u00eam condi\u00e7\u00f5es de manter a pureza das sementes da mesma forma que [&hellip;]<\/p>\n","protected":false},"author":4,"featured_media":25315,"comment_status":"closed","ping_status":"closed","sticky":false,"template":"","format":"standard","meta":{"footnotes":""},"categories":[17],"tags":[],"class_list":["post-25746","post","type-post","status-publish","format-standard","has-post-thumbnail","hentry","category-agropecuaria"],"_links":{"self":[{"href":"https:\/\/www.ocorreionews.com.br\/acervo-correio\/index.php?rest_route=\/wp\/v2\/posts\/25746","targetHints":{"allow":["GET"]}}],"collection":[{"href":"https:\/\/www.ocorreionews.com.br\/acervo-correio\/index.php?rest_route=\/wp\/v2\/posts"}],"about":[{"href":"https:\/\/www.ocorreionews.com.br\/acervo-correio\/index.php?rest_route=\/wp\/v2\/types\/post"}],"author":[{"embeddable":true,"href":"https:\/\/www.ocorreionews.com.br\/acervo-correio\/index.php?rest_route=\/wp\/v2\/users\/4"}],"replies":[{"embeddable":true,"href":"https:\/\/www.ocorreionews.com.br\/acervo-correio\/index.php?rest_route=%2Fwp%2Fv2%2Fcomments&post=25746"}],"version-history":[{"count":0,"href":"https:\/\/www.ocorreionews.com.br\/acervo-correio\/index.php?rest_route=\/wp\/v2\/posts\/25746\/revisions"}],"wp:featuredmedia":[{"embeddable":true,"href":"https:\/\/www.ocorreionews.com.br\/acervo-correio\/index.php?rest_route=\/wp\/v2\/media\/25315"}],"wp:attachment":[{"href":"https:\/\/www.ocorreionews.com.br\/acervo-correio\/index.php?rest_route=%2Fwp%2Fv2%2Fmedia&parent=25746"}],"wp:term":[{"taxonomy":"category","embeddable":true,"href":"https:\/\/www.ocorreionews.com.br\/acervo-correio\/index.php?rest_route=%2Fwp%2Fv2%2Fcategories&post=25746"},{"taxonomy":"post_tag","embeddable":true,"href":"https:\/\/www.ocorreionews.com.br\/acervo-correio\/index.php?rest_route=%2Fwp%2Fv2%2Ftags&post=25746"}],"curies":[{"name":"wp","href":"https:\/\/api.w.org\/{rel}","templated":true}]}}